{"id":58013,"date":"2026-01-19T17:03:20","date_gmt":"2026-01-19T16:03:20","guid":{"rendered":"https:\/\/eurotherm.eu\/?p=58013"},"modified":"2026-01-20T09:06:47","modified_gmt":"2026-01-20T08:06:47","slug":"eurotherm-a-global-industrie-paris-2026","status":"publish","type":"post","link":"https:\/\/eurotherm.eu\/it\/eurotherm-a-global-industrie-paris-2026\/","title":{"rendered":"Eurotherm a Global Industrie Paris 2026"},"content":{"rendered":"\n<p>Eurotherm dal <strong>30 marzo al 2 aprile 2026<\/strong> sar\u00e0 presente a <strong><a href=\"https:\/\/www.global-industrie.com\/\" target=\"_blank\" rel=\"noopener\">Global Industrie Paris 2026<\/a><\/strong>, il grande appuntamento europeo dedicato alle tecnologie per la produzione.<\/p>\n\n\n\n<p>Global Industrie \u00e8 il punto d\u2019incontro per tutti i protagonisti del mondo industriale: un evento trasversale che copre l\u2019intera filiera, dalla lavorazione dei materiali ai processi di finitura, dall\u2019automazione all\u2019innovazione tecnologica.<\/p>\n\n\n\n<p>Durante la fiera presenteremo le nostre soluzioni per i processi di pretrattamento e finitura delle superfici, progettate per supportare le aziende industriali nelle sfide di <strong>produttivit\u00e0, affidabilit\u00e0 degli impianti e sostenibilit\u00e0<\/strong>. Un\u2019occasione per incontrare il team Eurotherm, confrontarsi su esigenze specifiche e scoprire come adattiamo i nostri sistemi ai diversi settori industriali.<\/p>\n\n\n\n<p>\ud83d\udccc Stand: N\u00b0 6J88<br>\ud83d\udccd Scaricate qui il vostro biglietto gratuito: <a href=\"https:\/\/pass.global-industrie.com\/form\/profil\" target=\"_blank\" rel=\"noopener\">https:\/\/pass.global-industrie.com\/form\/profil<\/a><\/p>\n\n\n\n<p>&nbsp;Vi aspettiamo a Parigi!<\/p>\n","protected":false},"excerpt":{"rendered":"<p>Eurotherm dal 30 marzo al 2 aprile 2026 sar\u00e0 presente a Global Industrie Paris 2026, il grande appuntamento europeo dedicato alle tecnologie per la produzione. Global Industrie \u00e8 il punto d\u2019incontro per tutti i protagonisti del mondo industriale: un evento trasversale che copre l\u2019intera filiera, dalla lavorazione dei materiali ai processi di finitura, dall\u2019automazione all\u2019innovazione [&hellip;]<\/p>\n","protected":false},"author":5,"featured_media":58014,"comment_status":"open","ping_status":"closed","sticky":false,"template":"","format":"standard","meta":{"_acf_changed":false,"footnotes":""},"categories":[206],"tags":[],"materiale":[],"class_list":["post-58013","post","type-post","status-publish","format-standard","has-post-thumbnail","hentry","category-eventi"],"acf":[],"_links":{"self":[{"href":"https:\/\/eurotherm.eu\/it\/wp-json\/wp\/v2\/posts\/58013","targetHints":{"allow":["GET"]}}],"collection":[{"href":"https:\/\/eurotherm.eu\/it\/wp-json\/wp\/v2\/posts"}],"about":[{"href":"https:\/\/eurotherm.eu\/it\/wp-json\/wp\/v2\/types\/post"}],"author":[{"embeddable":true,"href":"https:\/\/eurotherm.eu\/it\/wp-json\/wp\/v2\/users\/5"}],"replies":[{"embeddable":true,"href":"https:\/\/eurotherm.eu\/it\/wp-json\/wp\/v2\/comments?post=58013"}],"version-history":[{"count":1,"href":"https:\/\/eurotherm.eu\/it\/wp-json\/wp\/v2\/posts\/58013\/revisions"}],"predecessor-version":[{"id":58018,"href":"https:\/\/eurotherm.eu\/it\/wp-json\/wp\/v2\/posts\/58013\/revisions\/58018"}],"wp:featuredmedia":[{"embeddable":true,"href":"https:\/\/eurotherm.eu\/it\/wp-json\/wp\/v2\/media\/58014"}],"wp:attachment":[{"href":"https:\/\/eurotherm.eu\/it\/wp-json\/wp\/v2\/media?parent=58013"}],"wp:term":[{"taxonomy":"category","embeddable":true,"href":"https:\/\/eurotherm.eu\/it\/wp-json\/wp\/v2\/categories?post=58013"},{"taxonomy":"post_tag","embeddable":true,"href":"https:\/\/eurotherm.eu\/it\/wp-json\/wp\/v2\/tags?post=58013"},{"taxonomy":"materiale","embeddable":true,"href":"https:\/\/eurotherm.eu\/it\/wp-json\/wp\/v2\/materiale?post=58013"}],"curies":[{"name":"wp","href":"https:\/\/api.w.org\/{rel}","templated":true}]}}