{"id":50582,"date":"2024-04-14T04:57:36","date_gmt":"2024-04-14T02:57:36","guid":{"rendered":"https:\/\/eurotherm.eu\/cabina-di-granigliatura-con-sistema-di-recupero-totale-e-plc\/"},"modified":"2025-06-13T15:47:53","modified_gmt":"2025-06-13T13:47:53","slug":"cabina-di-granigliatura-con-sistema-di-recupero-totale-e-plc","status":"publish","type":"post","link":"https:\/\/eurotherm.eu\/it\/cabina-di-granigliatura-con-sistema-di-recupero-totale-e-plc\/","title":{"rendered":"Cabina di granigliatura con sistema di recupero totale e PLC"},"content":{"rendered":"<p><br \/>\nNuova installazione firmata Eurotherm: per un\u2019azienda francese che produce container altamente personalizzati grazie a soluzioni innovative, abbiamo recentemente installato questa cabina di granigliatura per permettergli di essere ancora pi\u00f9 autonomi nelle proprie lavorazioni.<\/p>\n<p>La cabina di granigliatura \u00e8 dotata di un <strong>sistema di recupero totale della graniglia<\/strong> utilizzata durante il ciclo di trattamento ed \u00e8 gestibile attraverso un <strong>PLC Siemens integrato<\/strong>.<br \/>\n<\/p>\n<div class=\"swiper-gallery-dida\">\n<div class=\"swiper-wrapper\">\n<div class=\"swiper-slide\">\n<div class=\"respimg-cont\"><img decoding=\"async\" loading=\"lazy\" src=\"https:\/\/eurotherm.eu\/wp-content\/uploads\/2024\/04\/01-Shotblasting-booth-580x1030.jpg\" alt=\"Eurotherm\" title=\"Eurotherm\"><\/div>\n<\/div>\n<div class=\"swiper-slide\">\n<div class=\"respimg-cont\"><img decoding=\"async\" loading=\"lazy\" src=\"https:\/\/eurotherm.eu\/wp-content\/uploads\/2024\/04\/02-Shotblasting-booth-1030x580.jpg\" alt=\"Eurotherm\" title=\"Eurotherm\"><\/div>\n<\/div>\n<div class=\"swiper-slide\">\n<div class=\"respimg-cont\"><img decoding=\"async\" loading=\"lazy\" src=\"https:\/\/eurotherm.eu\/wp-content\/uploads\/2024\/04\/03-Shotblasting-booth-1030x580.jpg\" alt=\"Eurotherm\" title=\"Eurotherm\"><\/div>\n<\/div>\n<div class=\"swiper-slide\">\n<div class=\"respimg-cont\"><img decoding=\"async\" loading=\"lazy\" src=\"https:\/\/eurotherm.eu\/wp-content\/uploads\/2024\/04\/04-Shotblasting-booth.jpg\" alt=\"Eurotherm\" title=\"Eurotherm\"><\/div>\n<\/div>\n<\/div>\n<\/div>\n","protected":false},"excerpt":{"rendered":"<p>Nuova installazione firmata Eurotherm: per un\u2019azienda francese che produce container altamente personalizzati grazie a soluzioni innovative, abbiamo recentemente installato questa cabina di granigliatura per permettergli di essere ancora pi\u00f9 autonomi nelle proprie lavorazioni. La cabina di granigliatura \u00e8 dotata di un sistema di recupero totale della graniglia utilizzata durante il ciclo di trattamento ed \u00e8 [&hellip;]<\/p>\n","protected":false},"author":5,"featured_media":19340,"comment_status":"open","ping_status":"open","sticky":false,"template":"","format":"standard","meta":{"_acf_changed":false,"footnotes":""},"categories":[220],"tags":[],"materiale":[],"class_list":["post-50582","post","type-post","status-publish","format-standard","has-post-thumbnail","hentry","category-nuove-installazioni"],"acf":[],"_links":{"self":[{"href":"https:\/\/eurotherm.eu\/it\/wp-json\/wp\/v2\/posts\/50582","targetHints":{"allow":["GET"]}}],"collection":[{"href":"https:\/\/eurotherm.eu\/it\/wp-json\/wp\/v2\/posts"}],"about":[{"href":"https:\/\/eurotherm.eu\/it\/wp-json\/wp\/v2\/types\/post"}],"author":[{"embeddable":true,"href":"https:\/\/eurotherm.eu\/it\/wp-json\/wp\/v2\/users\/5"}],"replies":[{"embeddable":true,"href":"https:\/\/eurotherm.eu\/it\/wp-json\/wp\/v2\/comments?post=50582"}],"version-history":[{"count":1,"href":"https:\/\/eurotherm.eu\/it\/wp-json\/wp\/v2\/posts\/50582\/revisions"}],"predecessor-version":[{"id":51964,"href":"https:\/\/eurotherm.eu\/it\/wp-json\/wp\/v2\/posts\/50582\/revisions\/51964"}],"wp:featuredmedia":[{"embeddable":true,"href":"https:\/\/eurotherm.eu\/it\/wp-json\/wp\/v2\/media\/19340"}],"wp:attachment":[{"href":"https:\/\/eurotherm.eu\/it\/wp-json\/wp\/v2\/media?parent=50582"}],"wp:term":[{"taxonomy":"category","embeddable":true,"href":"https:\/\/eurotherm.eu\/it\/wp-json\/wp\/v2\/categories?post=50582"},{"taxonomy":"post_tag","embeddable":true,"href":"https:\/\/eurotherm.eu\/it\/wp-json\/wp\/v2\/tags?post=50582"},{"taxonomy":"materiale","embeddable":true,"href":"https:\/\/eurotherm.eu\/it\/wp-json\/wp\/v2\/materiale?post=50582"}],"curies":[{"name":"wp","href":"https:\/\/api.w.org\/{rel}","templated":true}]}}