{"id":50534,"date":"2023-08-04T11:14:55","date_gmt":"2023-08-04T09:14:55","guid":{"rendered":"https:\/\/eurotherm.eu\/cabine-verniciatura-personalizzate\/"},"modified":"2025-06-13T15:47:16","modified_gmt":"2025-06-13T13:47:16","slug":"cabine-verniciatura-personalizzate","status":"publish","type":"post","link":"https:\/\/eurotherm.eu\/it\/cabine-verniciatura-personalizzate\/","title":{"rendered":"Cabine di verniciatura personalizzate: innovazione su misura"},"content":{"rendered":"<p><br \/>\nLa personalizzazione \u00e8 diventata una parola d\u2019ordine nell\u2019industria manifatturiera. \u201cTailor made\u201d e \u201csu misura\u201d sono due concetti che racchiudono la stessa <strong>esigenza di arrivare a guardare all\u2019innovazione in maniera individuale<\/strong>.<\/p>\n<p>Se questo vale per tutte le realt\u00e0 (non solo industriali) la personalizzazione \u00e8 ancora pi\u00f9 stringente in particolari settori come l\u2019automotive, l\u2019aeronautica e la produzione di componenti industriali. In questi <strong>contesti in cui la qualit\u00e0 e l\u2019efficienza sono due esigenze imprescindibili<\/strong>, la personalizzazione delle cabine di verniciatura \u00e8 la risposta per raggiungere gli obiettivi che ogni azienda si prefigge.<br \/>\n<\/p>\n<div class=\"respimg-cont\"><img decoding=\"async\" loading=\"lazy\" src=\"https:\/\/eurotherm.eu\/wp-content\/uploads\/2023\/08\/WhatsApp-Image-2019-10-18-at-17.10.26.jpg\" alt=\"Eurotherm\" title=\"Eurotherm\"><\/div>\n<p><\/p>\n<h2>Dal pezzo da trattare alla cabina di verniciatura: la personalizzazione di Eurotherm<\/h2>\n<p>Nel panorama delle cabine di verniciatura sono davvero numerose le volte nelle quali Eurotherm si \u00e8 trovata di fronte a sfide importanti che hanno visto i tecnici scendere in campo con un <strong>approccio innovativo e un\u2019attenta progettazione volta a soddisfare le richieste dei clienti<\/strong>.<\/p>\n<p>\u00c8 grazie alla <strong>personalizzazione delle cabine di verniciatura<\/strong> che \u00e8 stato possibile negli anni affrontare sfide specifiche che ci venivano poste dalle aziende che si sono rivolte a noi.<\/p>\n<p><strong>La massima personalizzazione \u00e8 infatti quella che parte proprio dal pezzo da verniciare<\/strong>: \u00e8 la forma del pezzo a determinare la funzione della cabina.<br \/>\n<\/p>\n<div class=\"swiper-gallery-dida\">\n<div class=\"swiper-wrapper\">\n<div class=\"swiper-slide\">\n<div class=\"respimg-cont\"><img decoding=\"async\" loading=\"lazy\" src=\"https:\/\/eurotherm.eu\/wp-content\/uploads\/2023\/08\/IMG_3757-773x1030.jpg\" alt=\"Eurotherm\" title=\"Eurotherm\"><\/div>\n<\/div>\n<div class=\"swiper-slide\">\n<div class=\"respimg-cont\"><img decoding=\"async\" loading=\"lazy\" src=\"https:\/\/eurotherm.eu\/wp-content\/uploads\/2023\/08\/IMG_0223-1030x773.jpg\" alt=\"Eurotherm\" title=\"Eurotherm\"><\/div>\n<\/div>\n<div class=\"swiper-slide\">\n<div class=\"respimg-cont\"><img decoding=\"async\" loading=\"lazy\" src=\"https:\/\/eurotherm.eu\/wp-content\/uploads\/2023\/08\/Eurodry-2-1030x788.jpg\" alt=\"Eurotherm\" title=\"Eurotherm\"><\/div>\n<\/div>\n<div class=\"swiper-slide\">\n<div class=\"respimg-cont\"><img decoding=\"async\" loading=\"lazy\" src=\"https:\/\/eurotherm.eu\/wp-content\/uploads\/2023\/08\/Euro-PM-10-773x1030.jpg\" alt=\"Eurotherm\" title=\"Eurotherm\"><\/div>\n<\/div>\n<div class=\"swiper-slide\">\n<div class=\"respimg-cont\"><img decoding=\"async\" loading=\"lazy\" src=\"https:\/\/eurotherm.eu\/wp-content\/uploads\/2023\/08\/24072013732-1030x773.jpg\" alt=\"Eurotherm\" title=\"Eurotherm\"><\/div>\n<\/div>\n<\/div>\n<\/div>\n<p><\/p>\n<h2>Accessori personalizzati per cabine di verniciatura a liquido o a polvere<\/h2>\n<p>Oltre alla progettazione strutturale della cabina, vengono in aiuto poi <strong>tutti gli accessori che \u00e8 possibile inserire per ottenere un prodotto 100% rispondente alle specifiche esigenze aziendali<\/strong>.<\/p>\n<p>Dalle CTA\/UTA alle pareti a soffietto che, scivolando sui binari si allungano o si accorciano per chiudere o allargare l\u2019avancorpo, dai tetti che possono essere aperti per far entrare i pezzi con il carroponte alle cabine ibride per chi non ha spazio, fino alle pareti aspiranti su ruote per poterle trasportare tra le diverse aree del capannone.<br \/>\n<\/p>\n<p><\/p>\n<h2>I vantaggi di una cabina di verniciatura personalizzata<\/h2>\n<h3>Ottimizzazione degli spazi<\/h3>\n<p>In Eurotherm possiamo modellare la struttura di una cabina di verniciatura nei modi pi\u00f9 disparati per <strong>permettere ad un\u2019azienda di ottimizzare tutti gli spazi a propria disposizione.<\/strong> Ovviamente per i nostri tecnici la <strong>priorit\u00e0 \u00e8 quella di garantire un flusso d\u2019aria pi\u00f9 omogeneo e costante possibile<\/strong> per fare in modo che la struttura non infici la qualit\u00e0 della verniciatura, ma che riesca a rispondere alle esigenze dell\u2019azienda.<\/p>\n<p>Non solo: una cabina pi\u00f9 grande del necessario, oltre ad essere pi\u00f9 costosa, \u00e8 anche molto pi\u00f9 energivora. La dimensione giusta \u00e8 quella di cui l\u2019azienda ha bisogno, non pi\u00f9 piccola n\u00e9 pi\u00f9 grande, rispettando i pezzi da trattare e lo spazio a disposizione.<\/p>\n<h3>Incremento della qualit\u00e0 di verniciatura<\/h3>\n<p>Attraverso lo studio attento dei materiali da verniciare, dei processi produttivi e dell\u2019implementazione di tecnologie avanzate \u00e8 possibile <strong>migliorare notevolmente la qualit\u00e0 del rivestimento, fino a superare anche le aspettative del cliente<\/strong>.<\/p>\n<h3>Miglioramento dei cicli produttivi<\/h3>\n<p>Quando una cabina di verniciatura a liquido o a polvere \u00e8 progettata specificatamente per soddisfare le esigenze di un\u2019azienda, i benefici si traducono nel <strong>miglioramento significativo dei cicli produttivi<\/strong>.<\/p>\n<p>La personalizzazione consente infatti di:<\/p>\n<ul>\n<li><strong>aumentare la produttivit\u00e0 complessiva<\/strong>,<\/li>\n<li><strong>ridurre i tempi di attesa<\/strong> tra una verniciatura e l\u2019altra o tra le diverse fasi<\/li>\n<li><strong>ridurre i rischi di imperfezioni<\/strong> nel rivestimento con conseguenti ritardi.<\/li>\n<\/ul>\n<p>\u00c8 per questo che sempre pi\u00f9 spesso accade che aziende che si sono gi\u00e0 rivolte a noi in passato, ci contattino per realizzare<a href=\"https:\/\/eurotherm.eu\/it\/cabina-di-lavaggio-personalizzata-una-tira-laltra\/\" target=\"_blank\" rel=\"noopener\"><u> <strong>la stessa identica cabina di verniciatura o di lavaggio per uno stabilimento differente<\/strong><\/u><\/a>.<\/p>\n<p>\u00c8 questa la nostra visione del \u201ctailor made\u201d dove <strong>la cabina<\/strong>, oltre ad integrarsi in maniera efficiente all\u2019interno dei cicli produttivi aziendali, <strong>\u00e8 in grado di migliorare schemi e procedure che risultano essere poi facilmente replicabili in altri contesti produttivi<\/strong>.<br \/>\n<\/p>\n","protected":false},"excerpt":{"rendered":"<p>La personalizzazione \u00e8 diventata una parola d\u2019ordine nell\u2019industria manifatturiera. \u201cTailor made\u201d e \u201csu misura\u201d sono due concetti che racchiudono la stessa esigenza di arrivare a guardare all\u2019innovazione in maniera individuale. Se questo vale per tutte le realt\u00e0 (non solo industriali) la personalizzazione \u00e8 ancora pi\u00f9 stringente in particolari settori come l\u2019automotive, l\u2019aeronautica e la produzione [&hellip;]<\/p>\n","protected":false},"author":5,"featured_media":19179,"comment_status":"open","ping_status":"open","sticky":false,"template":"","format":"standard","meta":{"_acf_changed":false,"footnotes":""},"categories":[220],"tags":[],"materiale":[],"class_list":["post-50534","post","type-post","status-publish","format-standard","has-post-thumbnail","hentry","category-nuove-installazioni"],"acf":[],"_links":{"self":[{"href":"https:\/\/eurotherm.eu\/it\/wp-json\/wp\/v2\/posts\/50534","targetHints":{"allow":["GET"]}}],"collection":[{"href":"https:\/\/eurotherm.eu\/it\/wp-json\/wp\/v2\/posts"}],"about":[{"href":"https:\/\/eurotherm.eu\/it\/wp-json\/wp\/v2\/types\/post"}],"author":[{"embeddable":true,"href":"https:\/\/eurotherm.eu\/it\/wp-json\/wp\/v2\/users\/5"}],"replies":[{"embeddable":true,"href":"https:\/\/eurotherm.eu\/it\/wp-json\/wp\/v2\/comments?post=50534"}],"version-history":[{"count":1,"href":"https:\/\/eurotherm.eu\/it\/wp-json\/wp\/v2\/posts\/50534\/revisions"}],"predecessor-version":[{"id":51890,"href":"https:\/\/eurotherm.eu\/it\/wp-json\/wp\/v2\/posts\/50534\/revisions\/51890"}],"wp:featuredmedia":[{"embeddable":true,"href":"https:\/\/eurotherm.eu\/it\/wp-json\/wp\/v2\/media\/19179"}],"wp:attachment":[{"href":"https:\/\/eurotherm.eu\/it\/wp-json\/wp\/v2\/media?parent=50534"}],"wp:term":[{"taxonomy":"category","embeddable":true,"href":"https:\/\/eurotherm.eu\/it\/wp-json\/wp\/v2\/categories?post=50534"},{"taxonomy":"post_tag","embeddable":true,"href":"https:\/\/eurotherm.eu\/it\/wp-json\/wp\/v2\/tags?post=50534"},{"taxonomy":"materiale","embeddable":true,"href":"https:\/\/eurotherm.eu\/it\/wp-json\/wp\/v2\/materiale?post=50534"}],"curies":[{"name":"wp","href":"https:\/\/api.w.org\/{rel}","templated":true}]}}