{"id":50490,"date":"2023-02-20T15:01:49","date_gmt":"2023-02-20T14:01:49","guid":{"rendered":"https:\/\/eurotherm.eu\/cabina-granigliatura-verniciatura-liquido-all-in-one\/"},"modified":"2025-06-13T15:46:50","modified_gmt":"2025-06-13T13:46:50","slug":"cabina-granigliatura-verniciatura-liquido-all-in-one","status":"publish","type":"post","link":"https:\/\/eurotherm.eu\/it\/cabina-granigliatura-verniciatura-liquido-all-in-one\/","title":{"rendered":"Cabina di granigliatura e verniciatura all-in-one!"},"content":{"rendered":"<p><br \/>\nCosa succede se hai poco spazio, ma hai la necessit\u00e0 di effettuare operazioni sia di granigliatura che di verniciatura? Sostanzialmente hai due possibilit\u00e0:<\/p>\n<ul>\n<li>affidi una o entrambe le operazioni all\u2019esterno (con tutte le conseguenze del caso);<\/li>\n<li>ti rivolgi ad Eurotherm per avere una soluzione personalizzata!<\/li>\n<\/ul>\n<p>\u00c8 cos\u00ec che \u00e8 nata questa <strong>cabina di granigliatura e verniciatura a liquido all-in-one<\/strong>.<br \/>\n<\/p>\n<div class=\"respimg-cont\"><img decoding=\"async\" loading=\"lazy\" src=\"https:\/\/eurotherm.eu\/wp-content\/uploads\/2023\/02\/1-Shotblasting-liquid-paintung-booth.jpg\" alt=\"Eurotherm\" title=\"Eurotherm\"><\/div>\n<p><\/p>\n<h2>Un\u2019unica cabina per la granigliatura e la verniciatura a liquido: l\u2019impianto fornito da Eurotherm<\/h2>\n<p>Abbiamo recentemente progettato e installato questa <strong>cabina 2 in 1 all\u2019interno della quale \u00e8 possibile sia sabbiare che verniciare a liquido<\/strong>.<\/p>\n<h3>Due sistemi di aspirazione indipendenti<\/h3>\n<p>La cabina \u00e8 dotata di <strong>due sistemi di aspirazione indipendenti<\/strong>:<\/p>\n<ul>\n<li>In fase di granigliatura entra in funzione il <strong>gruppo filtro depolveratore esterno,<\/strong> che aspira la polvere che viene a crearsi durante il processo di sabbiatura, tramite le due griglie sulla parete di fondo, mentre la parete aspirante per verniciatura a liquido viene protetta da uno specifico portone rivestito in gomma antiabrasiva.<\/li>\n<li>In fase di verniciatura si attiva la <strong>parete aspirante con filtri a secco e il generatore di calore a tetto<\/strong>, mentre il gruppo filtro esterno viene disattivato.<\/li>\n<\/ul>\n<p>Il <strong>cambio tra le due fasi <\/strong>avviene premendo un semplice tasto sul pannello di controllo touch-screen e aprendo o chiudendo un apposito portone precoibentato rivestito con gomma antiabrasiva che serve a protegge la parete aspirante a liquido in fase di sabbiatura.<\/p>\n<p>Tutto qui? Esatto. Con queste due semplici (e soprattutto veloci) operazioni l\u2019azienda pu\u00f2 switchare facilmente tra le due funzioni della cabina, passando da una all\u2019altra lavorazione in pochi minuti.<br \/>\n<\/p>\n<div class=\"swiper-gallery-dida\">\n<div class=\"swiper-wrapper\">\n<div class=\"swiper-slide\">\n<div class=\"respimg-cont\"><img decoding=\"async\" loading=\"lazy\" src=\"https:\/\/eurotherm.eu\/wp-content\/uploads\/2023\/02\/2-Shotblasting-mode-773x1030.jpg\" alt=\"Eurotherm\" title=\"Eurotherm\"><\/div>\n<\/div>\n<div class=\"swiper-slide\">\n<div class=\"respimg-cont\"><img decoding=\"async\" loading=\"lazy\" src=\"https:\/\/eurotherm.eu\/wp-content\/uploads\/2023\/02\/3-Liquid-paintung-booth-mode-773x1030.jpg\" alt=\"Eurotherm\" title=\"Eurotherm\"><\/div>\n<\/div>\n<\/div>\n<\/div>\n<p><\/p>\n<h3>Il generatore di calore a tetto e la parete aspirante<\/h3>\n<p>La cabina \u00e8 inoltre dotata di un generatore di calore a tetto che:<\/p>\n<ul>\n<li>assieme alla parete aspirante in fase di verniciatura, garantisce costantemente un <strong>flusso d\u2019aria semi-verticale e un\u2019adeguata pressurizzazione dell\u2019ambiente<\/strong>;<\/li>\n<li>permette inoltre la <strong>funzione essiccazione a 60\u00b0C<\/strong> con ricircolo forzato.<\/li>\n<\/ul>\n<p><\/p>\n<div class=\"respimg-cont\"><img decoding=\"async\" loading=\"lazy\" src=\"https:\/\/eurotherm.eu\/wp-content\/uploads\/2023\/02\/4-Shotblasting-liquid-paintung-booth.jpg\" alt=\"Eurotherm\" title=\"Eurotherm\"><\/div>\n","protected":false},"excerpt":{"rendered":"<p>Cosa succede se hai poco spazio, ma hai la necessit\u00e0 di effettuare operazioni sia di granigliatura che di verniciatura? Sostanzialmente hai due possibilit\u00e0: affidi una o entrambe le operazioni all\u2019esterno (con tutte le conseguenze del caso); ti rivolgi ad Eurotherm per avere una soluzione personalizzata! \u00c8 cos\u00ec che \u00e8 nata questa cabina di granigliatura e [&hellip;]<\/p>\n","protected":false},"author":5,"featured_media":18369,"comment_status":"open","ping_status":"open","sticky":false,"template":"","format":"standard","meta":{"_acf_changed":false,"footnotes":""},"categories":[220],"tags":[],"materiale":[],"class_list":["post-50490","post","type-post","status-publish","format-standard","has-post-thumbnail","hentry","category-nuove-installazioni"],"acf":[],"_links":{"self":[{"href":"https:\/\/eurotherm.eu\/it\/wp-json\/wp\/v2\/posts\/50490","targetHints":{"allow":["GET"]}}],"collection":[{"href":"https:\/\/eurotherm.eu\/it\/wp-json\/wp\/v2\/posts"}],"about":[{"href":"https:\/\/eurotherm.eu\/it\/wp-json\/wp\/v2\/types\/post"}],"author":[{"embeddable":true,"href":"https:\/\/eurotherm.eu\/it\/wp-json\/wp\/v2\/users\/5"}],"replies":[{"embeddable":true,"href":"https:\/\/eurotherm.eu\/it\/wp-json\/wp\/v2\/comments?post=50490"}],"version-history":[{"count":1,"href":"https:\/\/eurotherm.eu\/it\/wp-json\/wp\/v2\/posts\/50490\/revisions"}],"predecessor-version":[{"id":51840,"href":"https:\/\/eurotherm.eu\/it\/wp-json\/wp\/v2\/posts\/50490\/revisions\/51840"}],"wp:featuredmedia":[{"embeddable":true,"href":"https:\/\/eurotherm.eu\/it\/wp-json\/wp\/v2\/media\/18369"}],"wp:attachment":[{"href":"https:\/\/eurotherm.eu\/it\/wp-json\/wp\/v2\/media?parent=50490"}],"wp:term":[{"taxonomy":"category","embeddable":true,"href":"https:\/\/eurotherm.eu\/it\/wp-json\/wp\/v2\/categories?post=50490"},{"taxonomy":"post_tag","embeddable":true,"href":"https:\/\/eurotherm.eu\/it\/wp-json\/wp\/v2\/tags?post=50490"},{"taxonomy":"materiale","embeddable":true,"href":"https:\/\/eurotherm.eu\/it\/wp-json\/wp\/v2\/materiale?post=50490"}],"curies":[{"name":"wp","href":"https:\/\/api.w.org\/{rel}","templated":true}]}}