{"id":50174,"date":"2023-06-19T09:11:22","date_gmt":"2023-06-19T07:11:22","guid":{"rendered":"https:\/\/eurotherm.eu\/sede-commerciale-eurotherm-france\/"},"modified":"2025-09-10T15:00:08","modified_gmt":"2025-09-10T13:00:08","slug":"sede-commerciale-eurotherm-france","status":"publish","type":"post","link":"https:\/\/eurotherm.eu\/it\/sede-commerciale-eurotherm-france\/","title":{"rendered":"Nasce la nuova sede commerciale di Eurotherm Francia!"},"content":{"rendered":"<p data-start=\"235\" data-end=\"522\">Nel 2023 Eurotherm ha inaugurato ufficialmente la\u00a0<strong>nuova sede commerciale in Francia, a Saint Quentin Fallavier, alle porte di Lione<\/strong>. Eurotherm Francia: un evento che non \u00e8 stato soltanto un momento di celebrazione, ma il simbolo concreto di una crescita che guarda al futuro con determinazione e fiducia.<\/p>\n<p data-start=\"524\" data-end=\"931\">Fondata nel 1958 come piccola realt\u00e0 specializzata in impianti di verniciatura su misura, Eurotherm \u00e8 oggi riconosciuta come un punto di riferimento a livello internazionale.\u00a0<strong>La nuova apertura Eurotherm Francia consolida ulteriormente la capacit\u00e0 dell\u2019azienda di rispondere con efficienza e innovazione alle esigenze del mercato italiano ed europeo, proiettandosi verso nuovi traguardi di eccellenza industriale<\/strong>.<\/p>\n<p>Dal pretrattamento alla finitura: gli impianti Eurotherm soddisfano risultati eccellenti in grado di permettere ai prodotti finiti di distinguersi sul mercato per l\u2019<strong>altissima qualit\u00e0 della verniciatura<\/strong>.<\/p>\n<div class=\"respimg-cont\"><img decoding=\"async\" loading=\"lazy\" src=\"https:\/\/eurotherm.eu\/wp-content\/uploads\/2023\/06\/Eurotherm-France.jpg\" alt=\"Eurotherm\" title=\"Eurotherm\"><\/div>\n<p><\/p>\n<h2>Francia e Italia: insieme per una visione di assoluta eccellenza<\/h2>\n<p>Dopo l\u2019apertura della sede di rappresentanza in Germania nel 2016, \u00e8 la volta della Francia che, per tradizione e vicinanza geografica, <strong>ha da tempo con Eurotherm un dialogo privilegiato<\/strong>.<\/p>\n<p>L\u2019industria francese \u00e8 sempre stata <strong>tra le prime in Europa come produttivit\u00e0, precisione e tecnologia<\/strong>. La Francia \u00e8 infatti il secondo Paese in Europa, dopo il Regno Unito, per numero di aziende hi-tech (circa 145 mila) e negli ultimi anni sta seguendo un\u2019interessante politica industriale per attirare investimenti esteri. Non stupisce quindi come l\u2019Italia sia il terzo Paese per investimenti nell\u2019industria francese.<\/p>\n<p>Se infatti l\u2019Italia \u00e8 considerata leader nell\u2019industria meccanica e della produzione delle macchine utensili, la Francia \u00e8 da sempre regina nel mondo dell\u2019hi-tech: due mondi che, se uniti, possono davvero fare la differenza per imporre una <strong>visione qualitativa di assoluta eccellenza<\/strong>.<\/p>\n<p>Tra le filiere industriali per le quali la Francia vanta una tradizione riconosciuta e storica, spiccano l\u2019<a href=\"https:\/\/eurotherm.eu\/it\/impianto-di-verniciatura-a-polvere-automatico-per-automotive\/\" target=\"_blank\" rel=\"noopener\"><strong>automotive<\/strong><\/a>, l\u2019<a href=\"https:\/\/eurotherm.eu\/it\/cabina-di-verniciatura-a-liquido-pressurizzata-a-flusso-orizzontale-per-utilizzo-aeronautico\/\" target=\"_blank\" rel=\"noopener\"><strong>aereonautica<\/strong><\/a>, l\u2019<a href=\"https:\/\/eurotherm.eu\/it\/eurotherm-esa-aerospaziale\/\" target=\"_blank\" rel=\"noopener\"><strong>industria spaziale<\/strong><\/a>, il <a href=\"https:\/\/eurotherm.eu\/it\/cabina-sabbiatura-settore-nucleare\/\" target=\"_blank\" rel=\"noopener\"><strong>nucleare<\/strong><\/a> e l\u2019<a href=\"https:\/\/eurotherm.eu\/it\/forni-ibridi-per-verniciatura\/\" target=\"_blank\" rel=\"noopener\"><strong>energia<\/strong><\/a>, settori nei quali Eurotherm si distingue da tempo per la realizzazione di impianti di verniciatura di altissima precisione.<br \/>\n<\/p>\n<div class=\"respimg-cont\"><img decoding=\"async\" loading=\"lazy\" src=\"https:\/\/eurotherm.eu\/wp-content\/uploads\/2023\/06\/Eurotherm-France-Lyon.jpg\" alt=\"Eurotherm\" title=\"Eurotherm\"><\/div>\n<p><\/p>\n<h2>La nuova sede Eurotherm Francia<\/h2>\n<p>La nuova sede \u00e8 stata scelta in un\u2019<strong>area strategica: Lione<\/strong>. Nei pressi della zona industriale perch\u00e9 possa essere comoda alle principali autostrade e agli aeroporti, ma anche per essere <strong>al centro della scena produttiva<\/strong> in modo da assorbire le influenze francesi di innovazione.<\/p>\n<p>Lione si presenta infatti come <strong>uno dei tre pi\u00f9 grandi poli dell\u2019industria francese<\/strong>, capace di attrarre soprattutto aziende grandi e strutturate con forza di investimento e capacit\u00e0 di innovazione per presentarsi come <strong>player internazionali<\/strong>.<\/p>\n<p>L\u2019obiettivo della sede di Lione \u00e8 quello di s<strong>upportare i rivenditori francesi, offrendo un\u2019assistenza tecnica, commerciale e ricambistica direttamente in loco<\/strong>, accorciando ancora di pi\u00f9 i tempi di attesa e offrendo un servizio immediato al cliente. Oltre a questo la sede avr\u00e0 il compito di gestire i progetti per i settori pi\u00f9 complessi come quello aeronautico e automotive, che richiedono impianti di verniciatura tecnici ad altissima precisione.<\/p>\n<p>La sede \u00e8 composta da un ampio spazio commerciale all\u2019interno della quale spicca una bellissima <strong>Fiat 500 azzurro baby<\/strong> a richiamo della \u201csorella\u201d presente nella sede di Volpiano, Torino. \u00c8 il simbolo della fusione tra artigianalit\u00e0 e design che oggi si arricchisce dall\u2019innata vocazione tecnologica francese. Due sedi, due nazioni, due personalit\u00e0, ma con un unico obiettivo: portare ai massimi livelli la finitura industriale.<\/p>\n<p>Next step? L<strong>a sede produttiva che vedr\u00e0 la luce nei prossimi mesi!<\/strong><br \/>\n<\/p>\n<div class=\"respimg-cont\"><img decoding=\"async\" loading=\"lazy\" src=\"https:\/\/eurotherm.eu\/wp-content\/uploads\/2023\/06\/Eurotherm-Lyon-France.jpg\" alt=\"Eurotherm\" title=\"Eurotherm\"><\/div>\n","protected":false},"excerpt":{"rendered":"<p>Nel 2023 Eurotherm ha inaugurato ufficialmente la\u00a0nuova sede commerciale in Francia, a Saint Quentin Fallavier, alle porte di Lione. Eurotherm Francia: un evento che non \u00e8 stato soltanto un momento di celebrazione, ma il simbolo concreto di una crescita che guarda al futuro con determinazione e fiducia. Fondata nel 1958 come piccola realt\u00e0 specializzata in [&hellip;]<\/p>\n","protected":false},"author":5,"featured_media":32190,"comment_status":"open","ping_status":"open","sticky":false,"template":"","format":"standard","meta":{"_acf_changed":false,"footnotes":""},"categories":[210],"tags":[],"materiale":[],"class_list":["post-50174","post","type-post","status-publish","format-standard","has-post-thumbnail","hentry","category-articoli"],"acf":[],"_links":{"self":[{"href":"https:\/\/eurotherm.eu\/it\/wp-json\/wp\/v2\/posts\/50174","targetHints":{"allow":["GET"]}}],"collection":[{"href":"https:\/\/eurotherm.eu\/it\/wp-json\/wp\/v2\/posts"}],"about":[{"href":"https:\/\/eurotherm.eu\/it\/wp-json\/wp\/v2\/types\/post"}],"author":[{"embeddable":true,"href":"https:\/\/eurotherm.eu\/it\/wp-json\/wp\/v2\/users\/5"}],"replies":[{"embeddable":true,"href":"https:\/\/eurotherm.eu\/it\/wp-json\/wp\/v2\/comments?post=50174"}],"version-history":[{"count":13,"href":"https:\/\/eurotherm.eu\/it\/wp-json\/wp\/v2\/posts\/50174\/revisions"}],"predecessor-version":[{"id":54694,"href":"https:\/\/eurotherm.eu\/it\/wp-json\/wp\/v2\/posts\/50174\/revisions\/54694"}],"wp:featuredmedia":[{"embeddable":true,"href":"https:\/\/eurotherm.eu\/it\/wp-json\/wp\/v2\/media\/32190"}],"wp:attachment":[{"href":"https:\/\/eurotherm.eu\/it\/wp-json\/wp\/v2\/media?parent=50174"}],"wp:term":[{"taxonomy":"category","embeddable":true,"href":"https:\/\/eurotherm.eu\/it\/wp-json\/wp\/v2\/categories?post=50174"},{"taxonomy":"post_tag","embeddable":true,"href":"https:\/\/eurotherm.eu\/it\/wp-json\/wp\/v2\/tags?post=50174"},{"taxonomy":"materiale","embeddable":true,"href":"https:\/\/eurotherm.eu\/it\/wp-json\/wp\/v2\/materiale?post=50174"}],"curies":[{"name":"wp","href":"https:\/\/api.w.org\/{rel}","templated":true}]}}