{"id":49852,"date":"2025-01-17T15:55:40","date_gmt":"2025-01-17T14:55:40","guid":{"rendered":"https:\/\/eurotherm.eu\/eurotherm-paris-packaging-week-2025\/"},"modified":"2025-06-19T17:08:26","modified_gmt":"2025-06-19T15:08:26","slug":"eurotherm-paris-packaging-week-2025","status":"publish","type":"post","link":"https:\/\/eurotherm.eu\/it\/eurotherm-paris-packaging-week-2025\/","title":{"rendered":"Eurotherm @ Paris Packaging Week 2025"},"content":{"rendered":"<p><br \/>\nL&#8217;appuntamento \u00e8 fissato per il <strong>28 e 29 gennaio 2025<\/strong> presso il <strong>Paris Expo Porte de Versailles<\/strong>: \u00e8 qui che andr\u00e0 in scena la <strong>Paris Packaging Week<\/strong>, uno degli eventi pi\u00f9 importanti a livello internazionale interamente dedicato al settore del packaging, alla quale <strong>Eurotherm France<\/strong> sar\u00e0 in prima linea.<\/p>\n<p>La Paris Packaging Week rappresenta il punto di incontro per il settore del packaging, un luogo dove design, innovazione e sostenibilit\u00e0 convergono per definire il futuro del packaging di prodotto. Un luogo che si presenta come una piattaforma per lo scambio di idee alla quale non potevamo mancare.<\/p>\n<p>Durante la manifestazione presenteremo le soluzioni innovative dedicate al settore del packaging, con un focus particolare su <strong>efficienza, automazione, sostenibilit\u00e0 e personalizzazione<\/strong>. Se le tecnologie avanzate possono ottimizzare i processi produttivi e ridurre i costi, gli impianti su misura di Eurotherm si adattano alle specifiche esigenze di ogni cliente garantendo cos\u00ec la qualit\u00e0 di ogni fase di verniciatura.<\/p>\n<p>Ci trovi qui: <strong>Stand D180 <\/strong><\/p>\n<p><img loading=\"lazy\" decoding=\"async\" class=\"alignnone size-full wp-image-21578\" src=\"https:\/\/eurotherm.eu\/wp-content\/uploads\/2025\/01\/stand-1.jpg\" alt=\"Eurotherm\" width=\"800\" height=\"420\" title=\"Eurotherm\" srcset=\"https:\/\/eurotherm.eu\/wp-content\/uploads\/2025\/01\/stand-1.jpg 800w, https:\/\/eurotherm.eu\/wp-content\/uploads\/2025\/01\/stand-1-300x158.jpg 300w, https:\/\/eurotherm.eu\/wp-content\/uploads\/2025\/01\/stand-1-768x403.jpg 768w, https:\/\/eurotherm.eu\/wp-content\/uploads\/2025\/01\/stand-1-705x370.jpg 705w\" sizes=\"auto, (max-width: 800px) 100vw, 800px\" \/><br \/>\n<\/p>\n<div class=\"swiper-gallery-dida\">\n<div class=\"swiper-wrapper\"><\/div>\n<\/div>\n","protected":false},"excerpt":{"rendered":"<p>L&#8217;appuntamento \u00e8 fissato per il 28 e 29 gennaio 2025 presso il Paris Expo Porte de Versailles: \u00e8 qui che andr\u00e0 in scena la Paris Packaging Week, uno degli eventi pi\u00f9 importanti a livello internazionale interamente dedicato al settore del packaging, alla quale Eurotherm France sar\u00e0 in prima linea. La Paris Packaging Week rappresenta il [&hellip;]<\/p>\n","protected":false},"author":5,"featured_media":52167,"comment_status":"open","ping_status":"open","sticky":false,"template":"","format":"standard","meta":{"_acf_changed":false,"footnotes":""},"categories":[206],"tags":[],"materiale":[],"class_list":["post-49852","post","type-post","status-publish","format-standard","has-post-thumbnail","hentry","category-eventi"],"acf":[],"_links":{"self":[{"href":"https:\/\/eurotherm.eu\/it\/wp-json\/wp\/v2\/posts\/49852","targetHints":{"allow":["GET"]}}],"collection":[{"href":"https:\/\/eurotherm.eu\/it\/wp-json\/wp\/v2\/posts"}],"about":[{"href":"https:\/\/eurotherm.eu\/it\/wp-json\/wp\/v2\/types\/post"}],"author":[{"embeddable":true,"href":"https:\/\/eurotherm.eu\/it\/wp-json\/wp\/v2\/users\/5"}],"replies":[{"embeddable":true,"href":"https:\/\/eurotherm.eu\/it\/wp-json\/wp\/v2\/comments?post=49852"}],"version-history":[{"count":3,"href":"https:\/\/eurotherm.eu\/it\/wp-json\/wp\/v2\/posts\/49852\/revisions"}],"predecessor-version":[{"id":53680,"href":"https:\/\/eurotherm.eu\/it\/wp-json\/wp\/v2\/posts\/49852\/revisions\/53680"}],"wp:featuredmedia":[{"embeddable":true,"href":"https:\/\/eurotherm.eu\/it\/wp-json\/wp\/v2\/media\/52167"}],"wp:attachment":[{"href":"https:\/\/eurotherm.eu\/it\/wp-json\/wp\/v2\/media?parent=49852"}],"wp:term":[{"taxonomy":"category","embeddable":true,"href":"https:\/\/eurotherm.eu\/it\/wp-json\/wp\/v2\/categories?post=49852"},{"taxonomy":"post_tag","embeddable":true,"href":"https:\/\/eurotherm.eu\/it\/wp-json\/wp\/v2\/tags?post=49852"},{"taxonomy":"materiale","embeddable":true,"href":"https:\/\/eurotherm.eu\/it\/wp-json\/wp\/v2\/materiale?post=49852"}],"curies":[{"name":"wp","href":"https:\/\/api.w.org\/{rel}","templated":true}]}}