{"id":49794,"date":"2023-10-19T14:31:53","date_gmt":"2023-10-19T12:31:53","guid":{"rendered":"https:\/\/eurotherm.eu\/eurotherm-pe-milano-coating-days-2023\/"},"modified":"2025-06-19T17:12:37","modified_gmt":"2025-06-19T15:12:37","slug":"eurotherm-pe-milano-coating-days-2023","status":"publish","type":"post","link":"https:\/\/eurotherm.eu\/it\/eurotherm-pe-milano-coating-days-2023\/","title":{"rendered":"Eurotherm @ P&#038;E Milano Coating Days 2023"},"content":{"rendered":"<p><br \/>\nDal 25 al 26 ottobre saremo presenti al <a href=\"https:\/\/www.ecocoating.com\/it\/\" target=\"_blank\" rel=\"noopener\"><strong><u>P&amp;E Milano Coating Days<\/u> <\/strong><\/a>per partecipare ad un evento unico nel suo genere che offre una panoramica completa dell\u2019innovazione tecnologica nel campo dei trattamenti superficiali.<\/p>\n<p><strong>Innovazione<\/strong>, <strong>eccellenza tecnologica<\/strong> ed <strong>evoluzioni eco-friendly<\/strong> fanno parte dei punti salienti che verranno trattati durante i P&amp;E Milano Coating Days e, per questi motivi, non potevamo non essere in prima linea.<br \/>\n<\/p>\n<p><\/p>\n<h2>P&amp;E Milano Coating Days<\/h2>\n<p>L\u2019evento annuale del P&amp;E Milano Coating Days rappresenta <strong>un\u2019opportunit\u00e0 imperdibile per condividere le nostre conoscenze<\/strong> e per entrare in contatto con le ultime innovazioni, le tendenze e gli sviluppi futuri del mondo della finitura industriale.<\/p>\n<p>La location esclusiva \u00e8 data dal <strong>Museo Nazionale della Scienza e della Tecnologia di Milano \u201cLeonardo da VInci\u201d<\/strong> che rispecchia perfettamente lo scopo dell\u2019evento: l\u2019innovazione tecnologica non \u00e8 mai sola, ma necessita della massima conoscenza per avere corretta applicazione.<\/p>\n<p>Rivestimenti industriali sempre pi\u00f9 efficienti, ma anche <strong>sostenibilit\u00e0<\/strong>, <strong>analisi dei limiti delle nuove tecnologie<\/strong>, <strong>digitalizzazione<\/strong>, <strong>tendenze<\/strong>, <strong>studio degli scenari futuri<\/strong> e <strong>spazi di networking<\/strong> per creare insieme il futuro dell\u2019innovazione nel campo della finitura industriale.<\/p>\n<p>All\u2019interno dell\u2019evento, si terr\u00e0 anche il <strong>Convegno nazionale di Nanotecnologie di pretrattamento<\/strong> dove, grazie alla collaborazione con alcuni docenti universitari, verranno messi in luce i prodotti nanotecnologici in grado di resistere alla corrosione, migliorare l\u2019adesione della vernice e ridurre l\u2019impatto ambientale, grazie all\u2019assenza dei metalli pesanti.<br \/>\n<\/p>\n<p><\/p>\n<h2>Forni ibridi e risparmi energetici: l\u2019intervento di Paolo Ghiazza<\/h2>\n<p>Data la necessit\u00e0, sempre pi\u00f9 pressante, di agire per il risparmio energetico, <strong>mercoled\u00ec 25 alle ore 13:50<\/strong> Paolo Ghiazza far\u00e0 un intervento sul tema dei <a href=\"https:\/\/eurotherm.eu\/it\/forni-ibridi-per-verniciatura\/\" target=\"_blank\" rel=\"noopener\"><u>forni ibridi<\/u><\/a>, facendo toccare con mano le innovazioni tecnologiche che abbiamo messo in campo e che stanno stravolgendo questo settore.<\/p>\n<p>Ci vediamo a Milano?<br \/>\n<\/p>\n<div class=\"respimg-cont\"><img decoding=\"async\" loading=\"lazy\" src=\"https:\/\/eurotherm.eu\/wp-content\/uploads\/2023\/10\/banner_300x250_2023.jpg\" alt=\"Eurotherm\" title=\"Eurotherm\"><\/div>\n","protected":false},"excerpt":{"rendered":"<p>Dal 25 al 26 ottobre saremo presenti al P&amp;E Milano Coating Days per partecipare ad un evento unico nel suo genere che offre una panoramica completa dell\u2019innovazione tecnologica nel campo dei trattamenti superficiali. Innovazione, eccellenza tecnologica ed evoluzioni eco-friendly fanno parte dei punti salienti che verranno trattati durante i P&amp;E Milano Coating Days e, per [&hellip;]<\/p>\n","protected":false},"author":5,"featured_media":52197,"comment_status":"open","ping_status":"open","sticky":false,"template":"","format":"standard","meta":{"_acf_changed":false,"footnotes":""},"categories":[206],"tags":[],"materiale":[],"class_list":["post-49794","post","type-post","status-publish","format-standard","has-post-thumbnail","hentry","category-eventi"],"acf":[],"_links":{"self":[{"href":"https:\/\/eurotherm.eu\/it\/wp-json\/wp\/v2\/posts\/49794","targetHints":{"allow":["GET"]}}],"collection":[{"href":"https:\/\/eurotherm.eu\/it\/wp-json\/wp\/v2\/posts"}],"about":[{"href":"https:\/\/eurotherm.eu\/it\/wp-json\/wp\/v2\/types\/post"}],"author":[{"embeddable":true,"href":"https:\/\/eurotherm.eu\/it\/wp-json\/wp\/v2\/users\/5"}],"replies":[{"embeddable":true,"href":"https:\/\/eurotherm.eu\/it\/wp-json\/wp\/v2\/comments?post=49794"}],"version-history":[{"count":3,"href":"https:\/\/eurotherm.eu\/it\/wp-json\/wp\/v2\/posts\/49794\/revisions"}],"predecessor-version":[{"id":52292,"href":"https:\/\/eurotherm.eu\/it\/wp-json\/wp\/v2\/posts\/49794\/revisions\/52292"}],"wp:featuredmedia":[{"embeddable":true,"href":"https:\/\/eurotherm.eu\/it\/wp-json\/wp\/v2\/media\/52197"}],"wp:attachment":[{"href":"https:\/\/eurotherm.eu\/it\/wp-json\/wp\/v2\/media?parent=49794"}],"wp:term":[{"taxonomy":"category","embeddable":true,"href":"https:\/\/eurotherm.eu\/it\/wp-json\/wp\/v2\/categories?post=49794"},{"taxonomy":"post_tag","embeddable":true,"href":"https:\/\/eurotherm.eu\/it\/wp-json\/wp\/v2\/tags?post=49794"},{"taxonomy":"materiale","embeddable":true,"href":"https:\/\/eurotherm.eu\/it\/wp-json\/wp\/v2\/materiale?post=49794"}],"curies":[{"name":"wp","href":"https:\/\/api.w.org\/{rel}","templated":true}]}}