{"id":49778,"date":"2023-05-24T08:13:33","date_gmt":"2023-05-24T06:13:33","guid":{"rendered":"https:\/\/eurotherm.eu\/eurotherm-eurobike-2023\/"},"modified":"2025-06-19T17:13:35","modified_gmt":"2025-06-19T15:13:35","slug":"eurotherm-eurobike-2023","status":"publish","type":"post","link":"https:\/\/eurotherm.eu\/it\/eurotherm-eurobike-2023\/","title":{"rendered":"Eurotherm @ EUROBIKE 2023"},"content":{"rendered":"<p><a href=\"https:\/\/www.eurobike.com\/en\/\" target=\"_blank\" rel=\"noopener\"><u>EUROBIKE<\/u><\/a> \u00e8 la pi\u00f9 grande fiera delle biciclette in Europa e la sfida del 2023 \u00e8 quella di <strong>pedalare verso la sostenibilit\u00e0!<\/strong><\/p>\n<p>Ovviamente abbiamo subito accettato la sfida di pensare ad un\u2019industria che abbracci una <strong>produzione di biciclette pi\u00f9 sostenibile possibile.<\/strong> Perch\u00e9 \u00e8 proprio attraverso la qualit\u00e0 che \u00e8 possibile ridurre l\u2019impronta di carbonio nella produzione e migliorare gli aspetti ecologici legati alla lavorazione dei materiali e al loro utilizzo.<\/p>\n<p>Standard di qualit\u00e0 pi\u00f9 elevati si traducono infatti in un <strong>incremento importante della durata della bicicletta nel tempo<\/strong> e quindi nella sostenibilit\u00e0 di un acquisto che risulta essere sempre pi\u00f9 essere improntato al concetto di \u201ccomprare meno, comprare meglio\u201d.<\/p>\n<p><strong>Saremo presenti nello stand di <a href=\"https:\/\/www.the-sppot.com\/\" target=\"_blank\" rel=\"noopener\">The Sppot<\/a> assieme ai nostri partner<\/strong> in grado di soddisfare le esigenze della nuova realt\u00e0 produttiva europea verso un futuro migliore per il pianeta: dalle vernici green di <strong>Tiger Coatings<\/strong> ai colori sostenibili di <strong>Berlac<\/strong>, dalle decorazioni <strong>Posterama,<\/strong> progettate per durare almeno tre anni, alle attrezzature innovative di <strong>Wagner<\/strong>, fino alle linee atomizzate di <strong>Lesta Robotics<\/strong> e ai prodotti touch di <strong>Duthoo<\/strong>.<\/p>\n<h2>EUROBIKE 2023 a Francoforte dal 21 al 25 giugno<\/h2>\n<p>Dal 21 al 25 giugno saremo presenti ad EUROBIKE nello stand The Sppot dove presenteremo i nostri prodotti integrati con quelli dei nostri partner, perfetti per andare incontro agli standard qualitativi sempre pi\u00f9 stringenti nel mondo delle biciclette.<\/p>\n<p><em>Ci vediamo a Francoforte? <\/em><\/p>\n<p><strong>HALL 8, K13 <\/strong>Ti aspettiamo!<\/p>\n<p><img loading=\"lazy\" decoding=\"async\" class=\"aligncenter wp-image-18882 size-full\" src=\"https:\/\/eurotherm.eu\/wp-content\/uploads\/2023\/05\/SIGNATURE_EUROBIKE23_EUROTHERM.jpg\" alt=\"Eurotherm\" width=\"557\" height=\"118\" title=\"Eurotherm\" srcset=\"https:\/\/eurotherm.eu\/wp-content\/uploads\/2023\/05\/SIGNATURE_EUROBIKE23_EUROTHERM.jpg 557w, https:\/\/eurotherm.eu\/wp-content\/uploads\/2023\/05\/SIGNATURE_EUROBIKE23_EUROTHERM-300x64.jpg 300w\" sizes=\"auto, (max-width: 557px) 100vw, 557px\" \/><\/p>\n","protected":false},"excerpt":{"rendered":"<p>EUROBIKE \u00e8 la pi\u00f9 grande fiera delle biciclette in Europa e la sfida del 2023 \u00e8 quella di pedalare verso la sostenibilit\u00e0! Ovviamente abbiamo subito accettato la sfida di pensare ad un\u2019industria che abbracci una produzione di biciclette pi\u00f9 sostenibile possibile. Perch\u00e9 \u00e8 proprio attraverso la qualit\u00e0 che \u00e8 possibile ridurre l\u2019impronta di carbonio nella [&hellip;]<\/p>\n","protected":false},"author":5,"featured_media":52207,"comment_status":"open","ping_status":"open","sticky":false,"template":"","format":"standard","meta":{"_acf_changed":false,"footnotes":""},"categories":[206],"tags":[],"materiale":[],"class_list":["post-49778","post","type-post","status-publish","format-standard","has-post-thumbnail","hentry","category-eventi"],"acf":[],"_links":{"self":[{"href":"https:\/\/eurotherm.eu\/it\/wp-json\/wp\/v2\/posts\/49778","targetHints":{"allow":["GET"]}}],"collection":[{"href":"https:\/\/eurotherm.eu\/it\/wp-json\/wp\/v2\/posts"}],"about":[{"href":"https:\/\/eurotherm.eu\/it\/wp-json\/wp\/v2\/types\/post"}],"author":[{"embeddable":true,"href":"https:\/\/eurotherm.eu\/it\/wp-json\/wp\/v2\/users\/5"}],"replies":[{"embeddable":true,"href":"https:\/\/eurotherm.eu\/it\/wp-json\/wp\/v2\/comments?post=49778"}],"version-history":[{"count":3,"href":"https:\/\/eurotherm.eu\/it\/wp-json\/wp\/v2\/posts\/49778\/revisions"}],"predecessor-version":[{"id":52304,"href":"https:\/\/eurotherm.eu\/it\/wp-json\/wp\/v2\/posts\/49778\/revisions\/52304"}],"wp:featuredmedia":[{"embeddable":true,"href":"https:\/\/eurotherm.eu\/it\/wp-json\/wp\/v2\/media\/52207"}],"wp:attachment":[{"href":"https:\/\/eurotherm.eu\/it\/wp-json\/wp\/v2\/media?parent=49778"}],"wp:term":[{"taxonomy":"category","embeddable":true,"href":"https:\/\/eurotherm.eu\/it\/wp-json\/wp\/v2\/categories?post=49778"},{"taxonomy":"post_tag","embeddable":true,"href":"https:\/\/eurotherm.eu\/it\/wp-json\/wp\/v2\/tags?post=49778"},{"taxonomy":"materiale","embeddable":true,"href":"https:\/\/eurotherm.eu\/it\/wp-json\/wp\/v2\/materiale?post=49778"}],"curies":[{"name":"wp","href":"https:\/\/api.w.org\/{rel}","templated":true}]}}