{"id":59932,"date":"2026-04-21T12:14:03","date_gmt":"2026-04-21T10:14:03","guid":{"rendered":"https:\/\/eurotherm.eu\/?p=59932"},"modified":"2026-04-24T11:41:48","modified_gmt":"2026-04-24T09:41:48","slug":"une-ligne-de-finition-complete-pour-les-systemes-de-prelevement-automatises-dans-les-entrepots-textiles-et-les-blanchisseries-industrielles","status":"publish","type":"post","link":"https:\/\/eurotherm.eu\/fr\/une-ligne-de-finition-complete-pour-les-systemes-de-prelevement-automatises-dans-les-entrepots-textiles-et-les-blanchisseries-industrielles\/","title":{"rendered":"Une ligne de finition compl\u00e8te pour les syst\u00e8mes de pr\u00e9l\u00e8vement automatis\u00e9s dans les entrep\u00f4ts textiles et les blanchisseries industrielles"},"content":{"rendered":"\n<section  class=\"content-block overflow-hidden margin-big\" style=\"--color-animate-to: #181e25;\">\n    <div class=\"container-fluid\">\n        <div class=\"row\">\n                        <div class=\"col-lg-10 offset-lg-1\">\n                <div class=\"h1 colorating-text text-gray\"><p>Eurotherm soutient l&rsquo;expansion de Metalprogetti dans le domaine de la pr\u00e9paration de commandes automatis\u00e9e, avec une installation compl\u00e8te de rev\u00eatement par poudre des parties m\u00e9talliques des syst\u00e8mes de gestion des penderies, de stockage, de distribution et de retour automatique des textiles.<\/p>\n<\/div>\n                            <\/div>\n                    <\/div>\n    <\/div>\n<\/section><style>\n  \/* FIX: selettore corretto senza spazio extra *\/\n  .bordered-title.block-block_640736d6005d605b3c2258db70a60a9f::before {\n    background-color: #ffffff;\n  }\n<\/style>\n\n<section   class=\"section-wrapper wrapper margin-big\"\n  style=\"background-color: #181e25; --text-color: #ffffff;\">\n\n  <div class=\"container-fluid\">\n    <div class=\"row\">\n      <div class=\"col-lg-4\">\n                  <h2 style=\"color:var(--text-color);\" class=\"mb-5 bordered-title block-block_640736d6005d605b3c2258db70a60a9f\">\n            Impact\n          <\/h2>\n              <\/div>\n\n          <\/div>\n  <\/div>\n\n      <!-- layout standard -->\n    \n\n<section  class=\"case-block margin-big\">\n    <div class=\"container-fluid\">\n        <div class=\"row align-items-center mb-5\">\n            <div class=\"col-lg-6\" style=\"color:var(--text-color);\">\n                <h3>Usines ultramodernes et gestion des processus : une vision commune<\/h3>\n                <p><p>L&rsquo;installation d&rsquo;Eurotherm consiste en un atelier de finition complet pour la peinture de composants en acier et en aluminium destin\u00e9s \u00e0 des syst\u00e8mes automatis\u00e9s pour des nettoyeurs industriels et \u00e0 sec, des industries textiles et des entreprises de mode.<\/p>\n<\/p>\n            <\/div>\n            <div class=\"col-lg-6\">\n                                    <img decoding=\"async\" src=\"https:\/\/eurotherm.eu\/wp-content\/uploads\/2026\/04\/2021-02-12-12.10.38-1-scaled.webp\" class=\"respimg rounded\" alt=\"Eurotherm\" title=\"Eurotherm\">\n                            <\/div>\n        <\/div>\n    <\/div>\n<\/section>\n\n\n<!-- double image text bottom -->\n<section  class=\"case-block margin-big\">\n    <div class=\"container-fluid\">\n        <div class=\"row mb-5\">\n            <div class=\"col-lg-6 order-2 order-lg-1\">\n                                    <div class=\"respimg-cont rounded mb-3\">\n                        <img decoding=\"async\" src=\"https:\/\/eurotherm.eu\/wp-content\/uploads\/2026\/04\/2021-03-12-11.21.37-1-scaled.webp\" alt=\"Eurotherm\" title=\"Eurotherm\">\n                    <\/div>\n                            <\/div>\n            <div class=\"col-lg-6 order-1 order-lg-2\" style=\"color:var(--text-color);\">\n                <h3><\/h3>\n                <p><p>La ligne se compose d&rsquo;un tunnel de pr\u00e9traitement, d&rsquo;un four de s\u00e9chage, d&rsquo;une cabine de peinture en poudre et d&rsquo;un four de durcissement. Elle est con\u00e7ue pour s&rsquo;adapter \u00e0 une production extr\u00eamement variable en termes de dimensions, de g\u00e9om\u00e9tries et d&rsquo;exigences du projet. Parmi les principaux atouts de l&rsquo;entreprise cliente, Metalprogetti, figurent la modularit\u00e9 des structures et le haut degr\u00e9 de personnalisation de l&rsquo;installation, tant en termes de conception ex\u00e9cutive que de finition esth\u00e9tique. <\/p>\n<\/p>\n            <\/div>\n        <\/div>\n        <div class=\"row mb-5\">\n            <div class=\"col-lg-6\" style=\"color:var(--text-color);\">\n                <h3><\/h3>\n                <p><p>Le rev\u00eatement par poudre des composants de transport est effectu\u00e9 par application manuelle \u00e0 l&rsquo;int\u00e9rieur de cabines ventil\u00e9es, \u00e9quip\u00e9es de syst\u00e8mes de filtration et de r\u00e9cup\u00e9ration pour garantir les meilleures conditions de processus et un environnement de travail sain.<\/p>\n<p>Afin d&rsquo;atteindre l&rsquo;objectif du projet et de garantir une flexibilit\u00e9 de production maximale, Eurotherm, en tant que fournisseur de la technologie de l&rsquo;installation, a particip\u00e9 \u00e0 la d\u00e9finition et \u00e0 la normalisation des processus, en travaillant en \u00e9troite collaboration avec l&rsquo;entreprise cliente et d&rsquo;autres partenaires du projet.<\/p>\n<\/p>\n            <\/div>\n            <div class=\"col-lg-6\">\n                                    <div class=\"respimg-cont rounded mb-3\">\n                        <img decoding=\"async\" src=\"https:\/\/eurotherm.eu\/wp-content\/uploads\/2026\/04\/Screenshot-2026-04-21-alle-11.41.43.webp\" class=\"respimg-cont rounded mb-3\" alt=\"Eurotherm\" title=\"Eurotherm\">\n                    <\/div>\n                            <\/div>\n        <\/div>\n    <\/div>\n<\/section>\n\n<!-- double image text bottom -->\n<section  class=\"case-block margin-big\">\n    <div class=\"container-fluid\">\n        <div class=\"row mb-5\">\n            <div class=\"col-lg-6 order-2 order-lg-1\">\n                                    <div class=\"respimg-cont rounded mb-3\">\n                        <img decoding=\"async\" src=\"https:\/\/eurotherm.eu\/wp-content\/uploads\/2026\/04\/2021-03-11-14.26.03-1-scaled.webp\" alt=\"Eurotherm\" title=\"Eurotherm\">\n                    <\/div>\n                            <\/div>\n            <div class=\"col-lg-6 order-1 order-lg-2\" style=\"color:var(--text-color);\">\n                <h3><p>Pr\u00e9traitement : l&rsquo;int\u00e9gration parfaite de la technologie et de la chimie<\/p>\n<\/h3>\n                <p><p>Le pr\u00e9traitement des objets m\u00e9talliques s&rsquo;effectue en plusieurs \u00e9tapes :<\/p>\n<ul>\n<li>Phosphod\u00e9capage, avec des produits formul\u00e9s \u00e0 la demande pour r\u00e9soudre l&rsquo;un des principaux probl\u00e8mes du processus, \u00e0 savoir la formation de mousse dans la phase de phosphatation caus\u00e9e par la pr\u00e9sence de tensioactifs ;<\/li>\n<li>2 rin\u00e7ages \u00e0 l&rsquo;eau de ville ;<\/li>\n<li>Rin\u00e7age avec de l&rsquo;eau osmotique, obtenue \u00e0 partir de la station d&rsquo;\u00e9puration primaire gr\u00e2ce \u00e0 la membrane avec r\u00e9sines \u00e9changeuses d&rsquo;ions, qui transforme l&rsquo;eau du r\u00e9seau en eau osmotique, adapt\u00e9e \u00e0 la fois au rin\u00e7age et \u00e0 la pr\u00e9paration de la solution nanotechnologique pour la passivation ;<\/li>\n<li>Passivation nanotechnologique sans rin\u00e7age, avec produit certifi\u00e9 Qualicoat et Qualicoatsteel, garantissant la qualit\u00e9 des traitements sur l&rsquo;acier, l&rsquo;acier galvanis\u00e9 et l&rsquo;aluminium.<\/li>\n<\/ul>\n<p>Le tunnel de pr\u00e9traitement est \u00e9quip\u00e9 de diff\u00e9rents types de filtres : des filtres grossiers pour les impuret\u00e9s plus importantes aux filtres \u00e0 charbon actif capables d&rsquo;\u00e9liminer les particules d&rsquo;une taille inf\u00e9rieure \u00e0 un micron.<\/p>\n<\/p>\n            <\/div>\n        <\/div>\n        <div class=\"row mb-5\">\n            <div class=\"col-lg-6\" style=\"color:var(--text-color);\">\n                <h3><p>Syst\u00e8me de transport a\u00e9rien des pi\u00e8ces, flexibilit\u00e9 op\u00e9rationnelle et gestion organis\u00e9e des lots \u00e0 peindre<\/p>\n<\/h3>\n                <p><p>Le convoyeur a\u00e9rien semi-automatique a \u00e9t\u00e9 con\u00e7u et fabriqu\u00e9 pour r\u00e9pondre \u00e0 la principale exigence du cahier des charges, \u00e0 savoir la possibilit\u00e9 de manipuler et de d\u00e9placer des charges de dimensions et de poids variables.<\/p>\n<\/p>\n            <\/div>\n            <div class=\"col-lg-6\">\n                                    <div class=\"respimg-cont rounded mb-3\">\n                        <img decoding=\"async\" src=\"https:\/\/eurotherm.eu\/wp-content\/uploads\/2026\/04\/2021-02-12-12.12.48-1-scaled.webp\" class=\"respimg-cont rounded mb-3\" alt=\"Eurotherm\" title=\"Eurotherm\">\n                    <\/div>\n                            <\/div>\n        <\/div>\n    <\/div>\n<\/section>\n\n<!-- double image text bottom -->\n<section  class=\"case-block margin-big\">\n    <div class=\"container-fluid\">\n        <div class=\"row mb-5\">\n            <div class=\"col-lg-6 order-2 order-lg-1\">\n                                    <div class=\"respimg-cont rounded mb-3\">\n                        <img decoding=\"async\" src=\"https:\/\/eurotherm.eu\/wp-content\/uploads\/2026\/04\/2021-03-11-18.24.15-1-scaled.webp\" alt=\"Eurotherm\" title=\"Eurotherm\">\n                    <\/div>\n                            <\/div>\n            <div class=\"col-lg-6 order-1 order-lg-2\" style=\"color:var(--text-color);\">\n                <h3><p>La maintenance pr\u00e9ventive comme facteur de croissance<\/p>\n<\/h3>\n                <p><p>Lors de la construction de la nouvelle installation de peinture pour Metalprogetti, une attention particuli\u00e8re a \u00e9t\u00e9 accord\u00e9e \u00e0 la d\u00e9finition de pratiques de maintenance pr\u00e9ventive visant \u00e0 assurer la continuit\u00e9 op\u00e9rationnelle, \u00e0 r\u00e9duire les temps d&rsquo;arr\u00eat des machines et \u00e0 pr\u00e9server la s\u00e9curit\u00e9 des travailleurs sur la ligne.<\/p>\n<\/p>\n            <\/div>\n        <\/div>\n        <div class=\"row mb-5\">\n            <div class=\"col-lg-6\" style=\"color:var(--text-color);\">\n                <h3><\/h3>\n                <p><\/p>\n            <\/div>\n            <div class=\"col-lg-6\">\n                            <\/div>\n        <\/div>\n    <\/div>\n<\/section>\n\n  \n<\/section>\n<section class=\"content-block overflow-hidden mt-5\"><div class=\"container-fluid\"><div class=\"author-box-wrap\"><div class=\"wp-block-post-author\"><div class=\"wp-block-post-author__content\"><p class=\"wp-block-post-author__name\">Service \u00e9ditorial Eurotherm<\/p><\/div><\/div><\/div><\/div><\/section><section class=\"content-block overflow-hidden mb-3\"><div class=\"container-fluid\"><div class=\"author-box-wrap\"><div class=\"wp-block-post-author-biography\">Le Service \u00e9ditorial d\u2019Eurotherm est charg\u00e9 de la r\u00e9daction et de la publication des contenus techniques et institutionnels de l\u2019entreprise. Il supervise les articles afin d\u2019assurer leur coh\u00e9rence, leur clart\u00e9 et leur mise \u00e0 jour continue, en collaboration \u00e9troite avec les d\u00e9partements d\u2019ing\u00e9nierie et de production. Chaque texte est v\u00e9rifi\u00e9 avec soin pour garantir la qualit\u00e9 de l\u2019information et offrir une r\u00e9elle valeur ajout\u00e9e aux lecteurs professionnels du secteur.<\/div><\/div><\/div><\/section>\n<p><\/p>\n","protected":false},"excerpt":{"rendered":"","protected":false},"author":5,"featured_media":59931,"comment_status":"closed","ping_status":"closed","sticky":false,"template":"","format":"standard","meta":{"_acf_changed":false,"footnotes":""},"categories":[236],"tags":[369,370,352],"class_list":["post-59932","post","type-post","status-publish","format-standard","has-post-thumbnail","hentry","category-etudes-de-cas","tag-le-fer","tag-production-generale","tag-revetement-en-poudre-2"],"acf":[],"_links":{"self":[{"href":"https:\/\/eurotherm.eu\/fr\/wp-json\/wp\/v2\/posts\/59932","targetHints":{"allow":["GET"]}}],"collection":[{"href":"https:\/\/eurotherm.eu\/fr\/wp-json\/wp\/v2\/posts"}],"about":[{"href":"https:\/\/eurotherm.eu\/fr\/wp-json\/wp\/v2\/types\/post"}],"author":[{"embeddable":true,"href":"https:\/\/eurotherm.eu\/fr\/wp-json\/wp\/v2\/users\/5"}],"replies":[{"embeddable":true,"href":"https:\/\/eurotherm.eu\/fr\/wp-json\/wp\/v2\/comments?post=59932"}],"version-history":[{"count":1,"href":"https:\/\/eurotherm.eu\/fr\/wp-json\/wp\/v2\/posts\/59932\/revisions"}],"predecessor-version":[{"id":59933,"href":"https:\/\/eurotherm.eu\/fr\/wp-json\/wp\/v2\/posts\/59932\/revisions\/59933"}],"wp:featuredmedia":[{"embeddable":true,"href":"https:\/\/eurotherm.eu\/fr\/wp-json\/wp\/v2\/media\/59931"}],"wp:attachment":[{"href":"https:\/\/eurotherm.eu\/fr\/wp-json\/wp\/v2\/media?parent=59932"}],"wp:term":[{"taxonomy":"category","embeddable":true,"href":"https:\/\/eurotherm.eu\/fr\/wp-json\/wp\/v2\/categories?post=59932"},{"taxonomy":"post_tag","embeddable":true,"href":"https:\/\/eurotherm.eu\/fr\/wp-json\/wp\/v2\/tags?post=59932"}],"curies":[{"name":"wp","href":"https:\/\/api.w.org\/{rel}","templated":true}]}}