{"id":58021,"date":"2026-01-19T17:03:20","date_gmt":"2026-01-19T16:03:20","guid":{"rendered":"https:\/\/eurotherm.eu\/?p=58021"},"modified":"2026-01-09T17:12:44","modified_gmt":"2026-01-09T16:12:44","slug":"eurotherm-a-global-industrie-paris-2026","status":"publish","type":"post","link":"https:\/\/eurotherm.eu\/fr\/eurotherm-a-global-industrie-paris-2026\/","title":{"rendered":"Eurotherm \u00e0 Global Industrie Paris 2026"},"content":{"rendered":"\n<p>Du <strong>30 mars au 2 avril 2026<\/strong>, Eurotherm exposera \u00e0 <strong><a href=\"https:\/\/www.global-industrie.com\/\" target=\"_blank\" rel=\"noopener\">Global Industrie Paris 2026<\/a><\/strong> l&rsquo;\u00e9v\u00e9nement europ\u00e9en majeur d\u00e9di\u00e9 aux technologies de fabrication.<\/p>\n\n\n\n<p>Global Industrie est le point de rencontre de tous les acteurs du monde industriel : un \u00e9v\u00e9nement transversal couvrant l&rsquo;ensemble de la cha\u00eene d&rsquo;approvisionnement, de la transformation des mat\u00e9riaux aux processus de finition, de l&rsquo;automatisation \u00e0 l&rsquo;innovation technologique.<\/p>\n\n\n\n<p>Au cours du salon, nous pr\u00e9senterons nos solutions pour les processus de pr\u00e9traitement et de finition des surfaces, con\u00e7ues pour aider les entreprises industrielles \u00e0 relever les d\u00e9fis de la <strong>productivit\u00e9, de la fiabilit\u00e9 des installations et de la durabilit\u00e9<\/strong>. Ce sera l&rsquo;occasion de rencontrer l&rsquo;\u00e9quipe d&rsquo;Eurotherm, de discuter de vos besoins sp\u00e9cifiques et de d\u00e9couvrir comment nous adaptons nos syst\u00e8mes aux diff\u00e9rentes industries. <\/p>\n\n\n\n<p>\ud83d\udccc Stand : No. 6J88<br>\ud83d\udccd T\u00e9l\u00e9chargez votre billet gratuit ici <a href=\"https:\/\/pass.global-industrie.com\/form\/profil\" target=\"_blank\" rel=\"noopener\">: https:\/\/pass.global-industrie.com\/form\/profil<\/a><\/p>\n\n\n\n<p>  Nous nous r\u00e9jouissons de vous voir \u00e0 Paris !<\/p>\n","protected":false},"excerpt":{"rendered":"<p>Du 30 mars au 2 avril 2026, Eurotherm exposera \u00e0 Global Industrie Paris 2026 l&rsquo;\u00e9v\u00e9nement europ\u00e9en majeur d\u00e9di\u00e9 aux technologies de fabrication. Global Industrie est le point de rencontre de tous les acteurs du monde industriel : un \u00e9v\u00e9nement transversal couvrant l&rsquo;ensemble de la cha\u00eene d&rsquo;approvisionnement, de la transformation des mat\u00e9riaux aux processus de finition, [&hellip;]<\/p>\n","protected":false},"author":1,"featured_media":58016,"comment_status":"open","ping_status":"closed","sticky":false,"template":"","format":"standard","meta":{"_acf_changed":false,"footnotes":""},"categories":[208],"tags":[],"class_list":["post-58021","post","type-post","status-publish","format-standard","has-post-thumbnail","hentry","category-evenements"],"acf":[],"_links":{"self":[{"href":"https:\/\/eurotherm.eu\/fr\/wp-json\/wp\/v2\/posts\/58021","targetHints":{"allow":["GET"]}}],"collection":[{"href":"https:\/\/eurotherm.eu\/fr\/wp-json\/wp\/v2\/posts"}],"about":[{"href":"https:\/\/eurotherm.eu\/fr\/wp-json\/wp\/v2\/types\/post"}],"author":[{"embeddable":true,"href":"https:\/\/eurotherm.eu\/fr\/wp-json\/wp\/v2\/users\/1"}],"replies":[{"embeddable":true,"href":"https:\/\/eurotherm.eu\/fr\/wp-json\/wp\/v2\/comments?post=58021"}],"version-history":[{"count":2,"href":"https:\/\/eurotherm.eu\/fr\/wp-json\/wp\/v2\/posts\/58021\/revisions"}],"predecessor-version":[{"id":58026,"href":"https:\/\/eurotherm.eu\/fr\/wp-json\/wp\/v2\/posts\/58021\/revisions\/58026"}],"wp:featuredmedia":[{"embeddable":true,"href":"https:\/\/eurotherm.eu\/fr\/wp-json\/wp\/v2\/media\/58016"}],"wp:attachment":[{"href":"https:\/\/eurotherm.eu\/fr\/wp-json\/wp\/v2\/media?parent=58021"}],"wp:term":[{"taxonomy":"category","embeddable":true,"href":"https:\/\/eurotherm.eu\/fr\/wp-json\/wp\/v2\/categories?post=58021"},{"taxonomy":"post_tag","embeddable":true,"href":"https:\/\/eurotherm.eu\/fr\/wp-json\/wp\/v2\/tags?post=58021"}],"curies":[{"name":"wp","href":"https:\/\/api.w.org\/{rel}","templated":true}]}}