{"id":58009,"date":"2026-01-09T16:31:00","date_gmt":"2026-01-09T15:31:00","guid":{"rendered":"https:\/\/eurotherm.eu\/eurotherm-a-la-semaine-de-lemballage-de-paris-2026\/"},"modified":"2026-01-09T16:48:13","modified_gmt":"2026-01-09T15:48:13","slug":"eurotherm-a-la-semaine-de-lemballage-de-paris-2026","status":"publish","type":"post","link":"https:\/\/eurotherm.eu\/fr\/eurotherm-a-la-semaine-de-lemballage-de-paris-2026\/","title":{"rendered":"EuroTherm \u00e0 la Semaine de l&rsquo;Emballage de Paris 2026"},"content":{"rendered":"\n<p><strong>Les 5 et 6 f\u00e9vrier 2026<\/strong>, EuroTherm France participera \u00e0 <strong><a href=\"https:\/\/www.parispackagingweek.com\/en\/welcome-to-paris-packaging-week\/\" data-type=\"link\" data-id=\"https:\/\/www.parispackagingweek.com\/en\/welcome-to-paris-packaging-week\/\" target=\"_blank\" rel=\"noopener\">Paris Packaging Week 2026<\/a><\/strong>l&rsquo;un des \u00e9v\u00e9nements europ\u00e9ens de r\u00e9f\u00e9rence pour le monde de l&#8217;emballage, de la finition et des surfaces \u00e0 haute valeur ajout\u00e9e.<\/p>\n\n<p>La Semaine de l&#8217;emballage \u00e0 Paris r\u00e9unit des propri\u00e9taires de marques, des concepteurs, des fabricants et des fournisseurs de technologie pour discuter de l&rsquo;innovation, de la durabilit\u00e9 et des nouvelles solutions pour l&#8217;emballage de luxe et l&#8217;emballage industriel. Un contexte id\u00e9al pour d\u00e9couvrir les tendances qui red\u00e9finissent les processus de traitement de surface et de finition. <\/p>\n\n<p>Nous sommes heureux d&rsquo;\u00eatre pr\u00e9sents pour pr\u00e9senter les solutions EuroTherm d\u00e9di\u00e9es aux processus de polym\u00e9risation et de finition, con\u00e7ues pour garantir l&rsquo;<strong>efficacit\u00e9 \u00e9nerg\u00e9tique, la qualit\u00e9 du r\u00e9sultat final et l&rsquo;attention port\u00e9e \u00e0 l&rsquo;impact environnemental<\/strong>. Notre \u00e9quipe sera \u00e0 votre disposition pour discuter des applications, des configurations et des possibilit\u00e9s de personnalisation des installations. <a id=\"_msocom_1\"><\/a><\/p>\n\n<p>Venez nous rendre visite, nous serons au stand n\u00b0 D180 avec notre \u00e9quipe.<\/p>\n\n<p>  T\u00e9l\u00e9chargez votre billet gratuit ici <a href=\"http:\/\/bit.ly\/4svhyFG\" target=\"_blank\" rel=\"noopener\">: http:\/\/bit.ly\/4svhyFG<\/a><\/p>\n\n<p>  Nous nous r\u00e9jouissons de vous voir \u00e0 Paris !<\/p>\n","protected":false},"excerpt":{"rendered":"<p>Les 5 et 6 f\u00e9vrier 2026, EuroTherm France participera \u00e0 Paris Packaging Week 2026l&rsquo;un des \u00e9v\u00e9nements europ\u00e9ens de r\u00e9f\u00e9rence pour le monde de l&#8217;emballage, de la finition et des surfaces \u00e0 haute valeur ajout\u00e9e. La Semaine de l&#8217;emballage \u00e0 Paris r\u00e9unit des propri\u00e9taires de marques, des concepteurs, des fabricants et des fournisseurs de technologie pour [&hellip;]<\/p>\n","protected":false},"author":1,"featured_media":58003,"comment_status":"open","ping_status":"closed","sticky":false,"template":"","format":"standard","meta":{"_acf_changed":false,"footnotes":""},"categories":[208],"tags":[],"class_list":["post-58009","post","type-post","status-publish","format-standard","has-post-thumbnail","hentry","category-evenements"],"acf":[],"_links":{"self":[{"href":"https:\/\/eurotherm.eu\/fr\/wp-json\/wp\/v2\/posts\/58009","targetHints":{"allow":["GET"]}}],"collection":[{"href":"https:\/\/eurotherm.eu\/fr\/wp-json\/wp\/v2\/posts"}],"about":[{"href":"https:\/\/eurotherm.eu\/fr\/wp-json\/wp\/v2\/types\/post"}],"author":[{"embeddable":true,"href":"https:\/\/eurotherm.eu\/fr\/wp-json\/wp\/v2\/users\/1"}],"replies":[{"embeddable":true,"href":"https:\/\/eurotherm.eu\/fr\/wp-json\/wp\/v2\/comments?post=58009"}],"version-history":[{"count":1,"href":"https:\/\/eurotherm.eu\/fr\/wp-json\/wp\/v2\/posts\/58009\/revisions"}],"predecessor-version":[{"id":58010,"href":"https:\/\/eurotherm.eu\/fr\/wp-json\/wp\/v2\/posts\/58009\/revisions\/58010"}],"wp:featuredmedia":[{"embeddable":true,"href":"https:\/\/eurotherm.eu\/fr\/wp-json\/wp\/v2\/media\/58003"}],"wp:attachment":[{"href":"https:\/\/eurotherm.eu\/fr\/wp-json\/wp\/v2\/media?parent=58009"}],"wp:term":[{"taxonomy":"category","embeddable":true,"href":"https:\/\/eurotherm.eu\/fr\/wp-json\/wp\/v2\/categories?post=58009"},{"taxonomy":"post_tag","embeddable":true,"href":"https:\/\/eurotherm.eu\/fr\/wp-json\/wp\/v2\/tags?post=58009"}],"curies":[{"name":"wp","href":"https:\/\/api.w.org\/{rel}","templated":true}]}}