{"id":53754,"date":"2025-07-31T11:11:07","date_gmt":"2025-07-31T09:11:07","guid":{"rendered":"https:\/\/eurotherm.eu\/eurotherm-a-fabtech-a-chicago\/"},"modified":"2025-10-01T09:03:15","modified_gmt":"2025-10-01T07:03:15","slug":"eurotherm-a-fabtech-a-chicago","status":"publish","type":"post","link":"https:\/\/eurotherm.eu\/fr\/eurotherm-a-fabtech-a-chicago\/","title":{"rendered":"EuroTherm \u00e0 FabTech \u00e0 Chicago"},"content":{"rendered":"\n<p>Du 8 au 11 septembre 2025, Eurotherm participera \u00e0 <strong>FABTECH\u00ae<\/strong> \u00e0 Chicago, USA : l&rsquo;un des \u00e9v\u00e9nements les plus importants pour l&rsquo;industrie du travail des m\u00e9taux en Am\u00e9rique du Nord. Une occasion unique de rencontrer les plus grands experts de la fabrication m\u00e9tallique et de d\u00e9couvrir les innovations qui transforment l&rsquo;industrie. <\/p>\n\n<p><strong>FABTECH\u00ae<\/strong> est un \u00e9v\u00e9nement international consacr\u00e9 aux produits et technologies pour le formage, l&rsquo;usinage, le soudage et la finition des m\u00e9taux. Au programme, des conf\u00e9rences, des d\u00e9monstrations pratiques, des rencontres avec des sp\u00e9cialistes et de nombreuses occasions de nouer des contacts avec des clients, des fabricants et des professionnels de l&rsquo;industrie. <\/p>\n\n<p>Nous sommes ravis d&rsquo;y participer et de pr\u00e9senter nos solutions con\u00e7ues pour relever les d\u00e9fis actuels des processus de finition, tels que l&rsquo;efficacit\u00e9 \u00e9nerg\u00e9tique, la durabilit\u00e9 environnementale et l&rsquo;innovation technologique. Au cours de l&rsquo;\u00e9v\u00e9nement, nous pr\u00e9senterons l&rsquo;un de nos fours de s\u00e9chage, offrant aux visiteurs l&rsquo;opportunit\u00e9 de d\u00e9couvrir le potentiel des solutions Eurotherm et d&rsquo;en apprendre davantage sur les options de personnalisation de nos \u00e9quipements pour l&rsquo;industrie m\u00e9tallurgique. <\/p>\n\n<p>Rendez-nous visite dans le secteur Finition, nous serons au stand n\u00b0 D41151 avec notre \u00e9quipe.<\/p>\n\n<p>  T\u00e9l\u00e9chargez votre billet gratuit ici <a href=\"https:\/\/i.snoball.it\/p\/k95rH\/\" target=\"_blank\" rel=\"noreferrer noopener\">: https:\/\/i.snoball.it\/p\/k95rH\/<\/a><\/p>\n\n<p>  Nous nous r\u00e9jouissons de vous voir \u00e0 Chicago !<\/p>\n","protected":false},"excerpt":{"rendered":"<p>Du 8 au 11 septembre 2025, Eurotherm participera \u00e0 FABTECH\u00ae \u00e0 Chicago, USA : l&rsquo;un des \u00e9v\u00e9nements les plus importants pour l&rsquo;industrie du travail des m\u00e9taux en Am\u00e9rique du Nord. Une occasion unique de rencontrer les plus grands experts de la fabrication m\u00e9tallique et de d\u00e9couvrir les innovations qui transforment l&rsquo;industrie. FABTECH\u00ae est un \u00e9v\u00e9nement [&hellip;]<\/p>\n","protected":false},"author":1,"featured_media":53749,"comment_status":"open","ping_status":"open","sticky":false,"template":"","format":"standard","meta":{"_acf_changed":false,"footnotes":""},"categories":[208],"tags":[],"class_list":["post-53754","post","type-post","status-publish","format-standard","has-post-thumbnail","hentry","category-evenements"],"acf":[],"_links":{"self":[{"href":"https:\/\/eurotherm.eu\/fr\/wp-json\/wp\/v2\/posts\/53754","targetHints":{"allow":["GET"]}}],"collection":[{"href":"https:\/\/eurotherm.eu\/fr\/wp-json\/wp\/v2\/posts"}],"about":[{"href":"https:\/\/eurotherm.eu\/fr\/wp-json\/wp\/v2\/types\/post"}],"author":[{"embeddable":true,"href":"https:\/\/eurotherm.eu\/fr\/wp-json\/wp\/v2\/users\/1"}],"replies":[{"embeddable":true,"href":"https:\/\/eurotherm.eu\/fr\/wp-json\/wp\/v2\/comments?post=53754"}],"version-history":[{"count":3,"href":"https:\/\/eurotherm.eu\/fr\/wp-json\/wp\/v2\/posts\/53754\/revisions"}],"predecessor-version":[{"id":53764,"href":"https:\/\/eurotherm.eu\/fr\/wp-json\/wp\/v2\/posts\/53754\/revisions\/53764"}],"wp:featuredmedia":[{"embeddable":true,"href":"https:\/\/eurotherm.eu\/fr\/wp-json\/wp\/v2\/media\/53749"}],"wp:attachment":[{"href":"https:\/\/eurotherm.eu\/fr\/wp-json\/wp\/v2\/media?parent=53754"}],"wp:term":[{"taxonomy":"category","embeddable":true,"href":"https:\/\/eurotherm.eu\/fr\/wp-json\/wp\/v2\/categories?post=53754"},{"taxonomy":"post_tag","embeddable":true,"href":"https:\/\/eurotherm.eu\/fr\/wp-json\/wp\/v2\/tags?post=53754"}],"curies":[{"name":"wp","href":"https:\/\/api.w.org\/{rel}","templated":true}]}}