{"id":51579,"date":"2025-06-10T05:56:57","date_gmt":"2025-06-10T03:56:57","guid":{"rendered":"https:\/\/eurotherm.eu\/ligne-de-vernissage-uv-pour-les-emballages-de-produits-cosmetiques\/"},"modified":"2025-10-01T09:20:23","modified_gmt":"2025-10-01T07:20:23","slug":"ligne-de-vernissage-uv-pour-les-emballages-de-produits-cosmetiques","status":"publish","type":"post","link":"https:\/\/eurotherm.eu\/fr\/ligne-de-vernissage-uv-pour-les-emballages-de-produits-cosmetiques\/","title":{"rendered":"Ligne de vernissage UV pour emballages cosm\u00e9tiques"},"content":{"rendered":"<p><br \/>\n30 millions de pi\u00e8ces d\u00e9cor\u00e9es chaque ann\u00e9e, chacune con\u00e7ue pour se d\u00e9marquer en rayon.<br \/>\nTelle est la mission de Cometa, entreprise fran\u00e7aise de r\u00e9f\u00e9rence dans la d\u00e9coration d&#8217;emballages dans le secteur des cosm\u00e9tiques, qui a choisi de faire une nouvelle fois confiance \u00e0 Eurotherm pour renforcer sa capacit\u00e9 de production et d&rsquo;innovation.<\/p>\n<p>Dans le secteur des cosm\u00e9tiques, l&#8217;emballage est bien plus qu&rsquo;un simple contenant : c&rsquo;est la premi\u00e8re promesse de la marque, l&rsquo;anticipation sensorielle de ce que le produit repr\u00e9sente. Les couleurs, les textures, la brillance et les formes parlent avant m\u00eame le contenu, influen\u00e7ant de mani\u00e8re d\u00e9cisive l&rsquo;exp\u00e9rience d&rsquo;achat. C&rsquo;est pourquoi la finition doit \u00eatre parfaite. <\/p>\n<p>On parle d&rsquo;excellence, et c&rsquo;est indispensable. C&rsquo;est pr\u00e9cis\u00e9ment pour ce degr\u00e9 de pr\u00e9cision que Cometa nous a demand\u00e9 de concevoir et de r\u00e9aliser cette nouvelle installation de peinture UV.<br \/>\n<\/p>\n<div class=\"swiper-gallery-dida\">\n<div class=\"swiper-wrapper\">\n<div class=\"swiper-slide\">\n<div class=\"respimg-cont\"><img decoding=\"async\" loading=\"lazy\" src=\"https:\/\/eurotherm.eu\/wp-content\/uploads\/2025\/05\/BackStage_RosyGlow_Mood_Quatuor_3000x3000-1030x1030.webp\" alt=\"Eurotherm\" title=\"Eurotherm\"><\/div>\n<\/div>\n<div class=\"swiper-slide\">\n<div class=\"respimg-cont\"><img decoding=\"async\" loading=\"lazy\" src=\"https:\/\/eurotherm.eu\/wp-content\/uploads\/2025\/05\/Amouage_Odyssey_KV_Guidance_Unbranded_4-5-824x1030.jpg\" alt=\"Eurotherm\" title=\"Eurotherm\"><\/div>\n<\/div>\n<\/div>\n<\/div>\n<p><\/p>\n<h2>L&rsquo;installation de vernissage UV \u00e0 tr\u00e8s haute pr\u00e9cision<\/h2>\n<p>Cometa est une r\u00e9f\u00e9rence pour les marques \u00e0 la recherche d&#8217;emballages exclusifs, innovants et reconnaissables. La nouvelle ligne de peinture UV \u00e0 haute productivit\u00e9 a \u00e9t\u00e9 con\u00e7ue pour : <\/p>\n<ul>\n<li>soutenir la croissance productive de l&rsquo;entreprise et ses objectifs futurs ;<\/li>\n<li>offrir une polyvalence sur les petits, moyens et grands formats ;<\/li>\n<li>garantir la r\u00e9p\u00e9tabilit\u00e9, l&rsquo;efficacit\u00e9 et une qualit\u00e9 esth\u00e9tique absolue ;<\/li>\n<li>s&rsquo;int\u00e9grer \u00e0 la ligne existante en optimisant les temps et les manipulations.<\/li>\n<\/ul>\n<p>La nouvelle installation vient en effet s&rsquo;ajouter \u00e0 la ligne existante, s&rsquo;int\u00e9grant parfaitement dans l&rsquo;usine gr\u00e2ce \u00e0 une configuration compacte avec convoyeur invers\u00e9 et stations de chargement\/d\u00e9chargement dans la m\u00eame zone.<\/p>\n<p>La vitesse de traitement est de 6 m\u00e8tres par minute, garantissant productivit\u00e9 et continuit\u00e9 en ligne.<br \/>\n<\/p>\n<div class=\"respimg-cont\"><img decoding=\"async\" loading=\"lazy\" src=\"http:\/\/eurotherm.eu\/wp-content\/uploads\/2025\/05\/20241031_Nouvelle-ligne_AntoineLeo.jpg\" alt=\"Eurotherm\" title=\"Eurotherm\"><\/div>\n<p><\/p>\n<h2>Travailler toutes les surfaces, \u00e0 chaque \u00e9tape<\/h2>\n<p>Le cycle de pr\u00e9paration de la pi\u00e8ce est con\u00e7u pour obtenir une surface parfaite, fondamentale pour le traitement de <strong>m\u00e9tallisation <\/strong>ult\u00e9rieur, o\u00f9 m\u00eame le moindre d\u00e9faut serait amplifi\u00e9. C&rsquo;est pourquoi les phases initiales de <strong>pr\u00e9traitement <\/strong>comprennent : <\/p>\n<ul>\n<li>Chargement manuel<\/li>\n<li>Double ionisation<\/li>\n<li>Brossage<\/li>\n<li>Flammes<\/li>\n<\/ul>\n<p>Vient ensuite l&rsquo;\u00e9limination compl\u00e8te des poussi\u00e8res, avant d&rsquo;entrer dans la premi\u00e8re cabine de pulv\u00e9risation \u00e9quip\u00e9e de 7 pistolets et de deux circuits s\u00e9par\u00e9s pour la peinture.<\/p>\n<p>Viennent ensuite le s\u00e9chage par d\u00e9shydratation, le tunnel IR, un deuxi\u00e8me s\u00e9chage et l&rsquo;entr\u00e9e dans la deuxi\u00e8me cabine de pulv\u00e9risation, toujours \u00e9quip\u00e9e de 7 pistolets et d&rsquo;un double circuit.<\/p>\n<p>Apr\u00e8s l&rsquo;\u00e9vaporation du solvant, la pi\u00e8ce passe dans le tunnel IR avant d&rsquo;\u00eatre cuite dans un four UV, refroidie et enfin d\u00e9charg\u00e9e manuellement.<\/p>\n<p>L&rsquo;un des aspects les plus difficiles du projet a \u00e9t\u00e9 la n\u00e9cessit\u00e9 d&rsquo;int\u00e9grer la nouvelle installation \u00e0 la barre porte-pi\u00e8ces existante, en \u00e9vitant les \u00e9tapes superflues et en concevant un flux de travail continu avec une manipulation minimale des composants, au profit de l&rsquo;efficacit\u00e9 et de la qualit\u00e9 finale.<\/p>\n<p>Le c\u0153ur de la qualit\u00e9 r\u00e9side \u00e9galement dans le syst\u00e8me de filtration de l&rsquo;air, essentiel pour garantir une surface peinte homog\u00e8ne.<br \/>\n<\/p>\n<div class=\"swiper-gallery-dida\">\n<div class=\"swiper-wrapper\">\n<div class=\"swiper-slide\">\n<div class=\"respimg-cont\"><img decoding=\"async\" loading=\"lazy\" src=\"https:\/\/eurotherm.eu\/wp-content\/uploads\/2025\/05\/20250106_122020-1030x773.jpg\" alt=\"Eurotherm\" title=\"Eurotherm\"><\/div>\n<\/div>\n<div class=\"swiper-slide\">\n<div class=\"respimg-cont\"><img decoding=\"async\" loading=\"lazy\" src=\"https:\/\/eurotherm.eu\/wp-content\/uploads\/2025\/05\/20250106_122500-1030x773.jpg\" alt=\"Eurotherm\" title=\"Eurotherm\"><\/div>\n<\/div>\n<div class=\"swiper-slide\">\n<div class=\"respimg-cont\"><img decoding=\"async\" loading=\"lazy\" src=\"https:\/\/eurotherm.eu\/wp-content\/uploads\/2025\/05\/20250106_122447-1030x773.jpg\" alt=\"Eurotherm\" title=\"Eurotherm\"><\/div>\n<\/div>\n<div class=\"swiper-slide\">\n<div class=\"respimg-cont\"><img decoding=\"async\" loading=\"lazy\" src=\"https:\/\/eurotherm.eu\/wp-content\/uploads\/2025\/05\/20250106_122430-773x1030.jpg\" alt=\"Eurotherm\" title=\"Eurotherm\"><\/div>\n<\/div>\n<div class=\"swiper-slide\">\n<div class=\"respimg-cont\"><img decoding=\"async\" loading=\"lazy\" src=\"https:\/\/eurotherm.eu\/wp-content\/uploads\/2025\/05\/20250106_122248-1030x773.jpg\" alt=\"Eurotherm\" title=\"Eurotherm\"><\/div>\n<\/div>\n<div class=\"swiper-slide\">\n<div class=\"respimg-cont\"><img decoding=\"async\" loading=\"lazy\" src=\"https:\/\/eurotherm.eu\/wp-content\/uploads\/2025\/05\/20250106_122055-1030x969.jpg\" alt=\"Eurotherm\" title=\"Eurotherm\"><\/div>\n<\/div>\n<\/div>\n<\/div>\n<p><\/p>\n<h2>Une pr\u00e9cision sur mesure pour des projets ambitieux<\/h2>\n<p>Pour Cometa, se d\u00e9marquer dans le monde des cosm\u00e9tiques signifie proposer des emballages toujours plus exclusifs et innovants, capables de raconter l&rsquo;histoire d&rsquo;une marque au premier coup d&rsquo;\u0153il.<\/p>\n<p>Avec cette nouvelle installation, nous sommes convaincus que Cometa franchit une nouvelle \u00e9tape dans sa qu\u00eate de la perfection et dans ses ambitieux projets de croissance.<\/p>\n<p>Pour en savoir plus, consultez l&rsquo;article suivant : <a href=\"https:\/\/www.ipcm.it\/en\/open\/ipcm\/2025\/91\/88-92.aspx\" target=\"_blank\" rel=\"noopener\"><br \/>\n  <em>COMETA: versatility, productivity, and innovation. <\/em><br \/>\n  <em>The three key words to becoming a leader in cosmetic packaging coating<\/em><br \/>\n<\/a>\u201d, dans ipcm\u00ae International Paint&amp;Coating Magazine n\u00b0 91 (janvier\/f\u00e9vrier 2025), pages.  80-84.<br \/>\n<\/p>\n","protected":false},"excerpt":{"rendered":"<p>30 millions de pi\u00e8ces d\u00e9cor\u00e9es chaque ann\u00e9e, chacune con\u00e7ue pour se d\u00e9marquer en rayon. Telle est la mission de Cometa, entreprise fran\u00e7aise de r\u00e9f\u00e9rence dans la d\u00e9coration d&#8217;emballages dans le secteur des cosm\u00e9tiques, qui a choisi de faire une nouvelle fois confiance \u00e0 Eurotherm pour renforcer sa capacit\u00e9 de production et d&rsquo;innovation. Dans le secteur [&hellip;]<\/p>\n","protected":false},"author":5,"featured_media":33312,"comment_status":"open","ping_status":"open","sticky":false,"template":"","format":"standard","meta":{"_acf_changed":false,"footnotes":""},"categories":[213],"tags":[],"class_list":["post-51579","post","type-post","status-publish","format-standard","has-post-thumbnail","hentry","category-des-articles"],"acf":[],"_links":{"self":[{"href":"https:\/\/eurotherm.eu\/fr\/wp-json\/wp\/v2\/posts\/51579","targetHints":{"allow":["GET"]}}],"collection":[{"href":"https:\/\/eurotherm.eu\/fr\/wp-json\/wp\/v2\/posts"}],"about":[{"href":"https:\/\/eurotherm.eu\/fr\/wp-json\/wp\/v2\/types\/post"}],"author":[{"embeddable":true,"href":"https:\/\/eurotherm.eu\/fr\/wp-json\/wp\/v2\/users\/5"}],"replies":[{"embeddable":true,"href":"https:\/\/eurotherm.eu\/fr\/wp-json\/wp\/v2\/comments?post=51579"}],"version-history":[{"count":3,"href":"https:\/\/eurotherm.eu\/fr\/wp-json\/wp\/v2\/posts\/51579\/revisions"}],"predecessor-version":[{"id":55286,"href":"https:\/\/eurotherm.eu\/fr\/wp-json\/wp\/v2\/posts\/51579\/revisions\/55286"}],"wp:featuredmedia":[{"embeddable":true,"href":"https:\/\/eurotherm.eu\/fr\/wp-json\/wp\/v2\/media\/33312"}],"wp:attachment":[{"href":"https:\/\/eurotherm.eu\/fr\/wp-json\/wp\/v2\/media?parent=51579"}],"wp:term":[{"taxonomy":"category","embeddable":true,"href":"https:\/\/eurotherm.eu\/fr\/wp-json\/wp\/v2\/categories?post=51579"},{"taxonomy":"post_tag","embeddable":true,"href":"https:\/\/eurotherm.eu\/fr\/wp-json\/wp\/v2\/tags?post=51579"}],"curies":[{"name":"wp","href":"https:\/\/api.w.org\/{rel}","templated":true}]}}