{"id":51441,"date":"2020-05-18T13:44:58","date_gmt":"2020-05-18T11:44:58","guid":{"rendered":"https:\/\/eurotherm.eu\/cabine-de-peinture-demontable\/"},"modified":"2025-06-20T16:24:27","modified_gmt":"2025-06-20T14:24:27","slug":"cabine-de-peinture-demontable","status":"publish","type":"post","link":"https:\/\/eurotherm.eu\/fr\/cabine-de-peinture-demontable\/","title":{"rendered":"Cabine de peinture demontable"},"content":{"rendered":"\n<p><span lang=\"fr-FR\">Cabine de peinture pressuris\u00e9e polyvalente <strong>construite avec concept modulaire<\/strong>: la cabine a \u00e9t\u00e9 con\u00e7ue pour \u00eatre d\u00e9mont\u00e9e, transport\u00e9e et remont\u00e9e dans les diff\u00e9rentes usines o\u00f9 elle est demand\u00e9e temporairement. La cabine est compos\u00e9e de trois blocs de deux m\u00e8tres plus le bloc g\u00e9n\u00e9rateur, qui peut \u00eatre facilement soulev\u00e9 et transport\u00e9 par des moyens de transport communs.<\/span><\/p>\n<p><span lang=\"en-GB\">\u00a0<\/span><\/p>\n","protected":false},"excerpt":{"rendered":"<p>Cabine de peinture pressuris\u00e9e polyvalente construite avec concept modulaire: la cabine a \u00e9t\u00e9 con\u00e7ue pour \u00eatre d\u00e9mont\u00e9e, transport\u00e9e et remont\u00e9e dans les diff\u00e9rentes usines o\u00f9 elle est demand\u00e9e temporairement. La cabine est compos\u00e9e de trois blocs de deux m\u00e8tres plus le bloc g\u00e9n\u00e9rateur, qui peut \u00eatre facilement soulev\u00e9 et transport\u00e9 par des moyens de transport [&hellip;]<\/p>\n","protected":false},"author":3,"featured_media":52390,"comment_status":"open","ping_status":"open","sticky":false,"template":"","format":"standard","meta":{"_acf_changed":false,"footnotes":""},"categories":[220],"tags":[],"class_list":["post-51441","post","type-post","status-publish","format-standard","has-post-thumbnail","hentry","category-nuove-installazioni"],"acf":[],"_links":{"self":[{"href":"https:\/\/eurotherm.eu\/fr\/wp-json\/wp\/v2\/posts\/51441","targetHints":{"allow":["GET"]}}],"collection":[{"href":"https:\/\/eurotherm.eu\/fr\/wp-json\/wp\/v2\/posts"}],"about":[{"href":"https:\/\/eurotherm.eu\/fr\/wp-json\/wp\/v2\/types\/post"}],"author":[{"embeddable":true,"href":"https:\/\/eurotherm.eu\/fr\/wp-json\/wp\/v2\/users\/3"}],"replies":[{"embeddable":true,"href":"https:\/\/eurotherm.eu\/fr\/wp-json\/wp\/v2\/comments?post=51441"}],"version-history":[{"count":2,"href":"https:\/\/eurotherm.eu\/fr\/wp-json\/wp\/v2\/posts\/51441\/revisions"}],"predecessor-version":[{"id":52396,"href":"https:\/\/eurotherm.eu\/fr\/wp-json\/wp\/v2\/posts\/51441\/revisions\/52396"}],"wp:featuredmedia":[{"embeddable":true,"href":"https:\/\/eurotherm.eu\/fr\/wp-json\/wp\/v2\/media\/52390"}],"wp:attachment":[{"href":"https:\/\/eurotherm.eu\/fr\/wp-json\/wp\/v2\/media?parent=51441"}],"wp:term":[{"taxonomy":"category","embeddable":true,"href":"https:\/\/eurotherm.eu\/fr\/wp-json\/wp\/v2\/categories?post=51441"},{"taxonomy":"post_tag","embeddable":true,"href":"https:\/\/eurotherm.eu\/fr\/wp-json\/wp\/v2\/tags?post=51441"}],"curies":[{"name":"wp","href":"https:\/\/api.w.org\/{rel}","templated":true}]}}