{"id":51407,"date":"2020-03-23T14:41:41","date_gmt":"2020-03-23T13:41:41","guid":{"rendered":"https:\/\/eurotherm.eu\/eurotherm-ferme-son-site-de-production-pendant-1-semaine\/"},"modified":"2025-06-20T16:24:28","modified_gmt":"2025-06-20T14:24:28","slug":"eurotherm-ferme-son-site-de-production-pendant-1-semaine","status":"publish","type":"post","link":"https:\/\/eurotherm.eu\/fr\/eurotherm-ferme-son-site-de-production-pendant-1-semaine\/","title":{"rendered":"EUROTHERM ferme son site de production pendant 1 semaine"},"content":{"rendered":"<p>Cependant, nous avons anticip\u00e9 cette situation et avons augment\u00e9 au pr\u00e9alable notre rythme de travail afin de prendre de l\u2019avance sur la production ce qui n\u2019engendrera aucun retard pour toutes les commandes en cours.<\/p>\n<p><strong>L\u2019ensemble du mat\u00e9riel d\u00e9j\u00e0 produit a \u00e9t\u00e9 stock\u00e9 et sera pr\u00eat \u00e0 \u00eatre exp\u00e9di\u00e9.<\/strong><\/p>\n","protected":false},"excerpt":{"rendered":"<p>Cependant, nous avons anticip\u00e9 cette situation et avons augment\u00e9 au pr\u00e9alable notre rythme de travail afin de prendre de l\u2019avance sur la production ce qui n\u2019engendrera aucun retard pour toutes les commandes en cours. L\u2019ensemble du mat\u00e9riel d\u00e9j\u00e0 produit a \u00e9t\u00e9 stock\u00e9 et sera pr\u00eat \u00e0 \u00eatre exp\u00e9di\u00e9.<\/p>\n","protected":false},"author":3,"featured_media":29078,"comment_status":"open","ping_status":"open","sticky":false,"template":"","format":"standard","meta":{"_acf_changed":false,"footnotes":""},"categories":[210],"tags":[],"class_list":["post-51407","post","type-post","status-publish","format-standard","has-post-thumbnail","hentry","category-articoli"],"acf":[],"_links":{"self":[{"href":"https:\/\/eurotherm.eu\/fr\/wp-json\/wp\/v2\/posts\/51407","targetHints":{"allow":["GET"]}}],"collection":[{"href":"https:\/\/eurotherm.eu\/fr\/wp-json\/wp\/v2\/posts"}],"about":[{"href":"https:\/\/eurotherm.eu\/fr\/wp-json\/wp\/v2\/types\/post"}],"author":[{"embeddable":true,"href":"https:\/\/eurotherm.eu\/fr\/wp-json\/wp\/v2\/users\/3"}],"replies":[{"embeddable":true,"href":"https:\/\/eurotherm.eu\/fr\/wp-json\/wp\/v2\/comments?post=51407"}],"version-history":[{"count":1,"href":"https:\/\/eurotherm.eu\/fr\/wp-json\/wp\/v2\/posts\/51407\/revisions"}],"predecessor-version":[{"id":51408,"href":"https:\/\/eurotherm.eu\/fr\/wp-json\/wp\/v2\/posts\/51407\/revisions\/51408"}],"wp:featuredmedia":[{"embeddable":true,"href":"https:\/\/eurotherm.eu\/fr\/wp-json\/wp\/v2\/media\/29078"}],"wp:attachment":[{"href":"https:\/\/eurotherm.eu\/fr\/wp-json\/wp\/v2\/media?parent=51407"}],"wp:term":[{"taxonomy":"category","embeddable":true,"href":"https:\/\/eurotherm.eu\/fr\/wp-json\/wp\/v2\/categories?post=51407"},{"taxonomy":"post_tag","embeddable":true,"href":"https:\/\/eurotherm.eu\/fr\/wp-json\/wp\/v2\/tags?post=51407"}],"curies":[{"name":"wp","href":"https:\/\/api.w.org\/{rel}","templated":true}]}}