{"id":51402,"date":"2020-03-09T13:04:59","date_gmt":"2020-03-09T12:04:59","guid":{"rendered":"https:\/\/eurotherm.eu\/la-position-deurotherm-sur-le-virus-covid-19\/"},"modified":"2025-06-20T16:24:28","modified_gmt":"2025-06-20T14:24:28","slug":"la-position-deurotherm-sur-le-virus-covid-19","status":"publish","type":"post","link":"https:\/\/eurotherm.eu\/fr\/la-position-deurotherm-sur-le-virus-covid-19\/","title":{"rendered":"La position d&rsquo;Eurotherm sur le virus Covid-19"},"content":{"rendered":"<p><span style=\"font-family: Arial, serif;\"><span style=\"font-size: medium;\"><span lang=\"fr-FR\">Dans un moment de partielle confusion et d&rsquo;inqui\u00e9tude ou incertitudes g\u00e9n\u00e9r\u00e9s par le virus Covid-19, Eurotherm souhaite faire une communication officielle.<\/span><\/span><\/span><\/p>\n<p><span style=\"font-family: Arial, serif;\"><span style=\"font-size: medium;\"><span lang=\"fr-FR\">Nous ne sommes pas, \u00e0 ce jour, dans la zone rouge. Nous vous confirmons qu\u2019aucun de nos employ\u00e9s, proches et\/ou notre famille n&rsquo;a \u00e9t\u00e9 affect\u00e9 par le virus. Notre quotidien est de travailler dans le m\u00eame professionnalisme tout en renfor\u00e7ant la s\u00e9curit\u00e9 sanitaire et la transparence tant au sein de notre entreprise qu\u2019aupr\u00e8s de nos clients.<\/span><\/span><\/span><\/p>\n<p><span style=\"font-family: Arial, serif;\"><span style=\"font-size: medium;\"><span lang=\"fr-FR\">C\u2019est dans cet objectif qu\u2019Eurotherm vous assure de son enti\u00e8re disponibilit\u00e9 pour toute information compl\u00e9mentaire.<\/span><\/span><\/span><\/p>\n","protected":false},"excerpt":{"rendered":"<p>Dans un moment de partielle confusion et d&rsquo;inqui\u00e9tude ou incertitudes g\u00e9n\u00e9r\u00e9s par le virus Covid-19, Eurotherm souhaite faire une communication officielle. Nous ne sommes pas, \u00e0 ce jour, dans la zone rouge. Nous vous confirmons qu\u2019aucun de nos employ\u00e9s, proches et\/ou notre famille n&rsquo;a \u00e9t\u00e9 affect\u00e9 par le virus. Notre quotidien est de travailler dans [&hellip;]<\/p>\n","protected":false},"author":3,"featured_media":24551,"comment_status":"open","ping_status":"open","sticky":false,"template":"","format":"standard","meta":{"_acf_changed":false,"footnotes":""},"categories":[],"tags":[],"class_list":["post-51402","post","type-post","status-publish","format-standard","has-post-thumbnail","hentry"],"acf":[],"_links":{"self":[{"href":"https:\/\/eurotherm.eu\/fr\/wp-json\/wp\/v2\/posts\/51402","targetHints":{"allow":["GET"]}}],"collection":[{"href":"https:\/\/eurotherm.eu\/fr\/wp-json\/wp\/v2\/posts"}],"about":[{"href":"https:\/\/eurotherm.eu\/fr\/wp-json\/wp\/v2\/types\/post"}],"author":[{"embeddable":true,"href":"https:\/\/eurotherm.eu\/fr\/wp-json\/wp\/v2\/users\/3"}],"replies":[{"embeddable":true,"href":"https:\/\/eurotherm.eu\/fr\/wp-json\/wp\/v2\/comments?post=51402"}],"version-history":[{"count":1,"href":"https:\/\/eurotherm.eu\/fr\/wp-json\/wp\/v2\/posts\/51402\/revisions"}],"predecessor-version":[{"id":51403,"href":"https:\/\/eurotherm.eu\/fr\/wp-json\/wp\/v2\/posts\/51402\/revisions\/51403"}],"wp:featuredmedia":[{"embeddable":true,"href":"https:\/\/eurotherm.eu\/fr\/wp-json\/wp\/v2\/media\/24551"}],"wp:attachment":[{"href":"https:\/\/eurotherm.eu\/fr\/wp-json\/wp\/v2\/media?parent=51402"}],"wp:term":[{"taxonomy":"category","embeddable":true,"href":"https:\/\/eurotherm.eu\/fr\/wp-json\/wp\/v2\/categories?post=51402"},{"taxonomy":"post_tag","embeddable":true,"href":"https:\/\/eurotherm.eu\/fr\/wp-json\/wp\/v2\/tags?post=51402"}],"curies":[{"name":"wp","href":"https:\/\/api.w.org\/{rel}","templated":true}]}}