{"id":50592,"date":"2024-05-03T04:17:05","date_gmt":"2024-05-03T02:17:05","guid":{"rendered":"https:\/\/eurotherm.eu\/systeme-de-revetement-en-poudre-pour-velos\/"},"modified":"2025-06-13T15:47:58","modified_gmt":"2025-06-13T13:47:58","slug":"systeme-de-revetement-en-poudre-pour-velos","status":"publish","type":"post","link":"https:\/\/eurotherm.eu\/fr\/systeme-de-revetement-en-poudre-pour-velos\/","title":{"rendered":"Syst\u00e8me de rev\u00eatement en poudre pour v\u00e9los"},"content":{"rendered":"<p><br \/>\nLe secteur du v\u00e9lo nous donne une grande satisfaction et c&rsquo;est pourquoi nous avons r\u00e9cemment d\u00e9velopp\u00e9 ce syst\u00e8me de rev\u00eatement en poudre compact pour une entreprise artisanale en R\u00e9publique tch\u00e8que sp\u00e9cialis\u00e9e dans la <strong>cr\u00e9ation et la personnalisation de v\u00e9los sp\u00e9ciaux \u00e0 deux et trois roues, \u00e9galement avec assistance au p\u00e9dalage. <\/strong><br \/>\n<\/p>\n<div class=\"respimg-cont\"><img decoding=\"async\" loading=\"lazy\" src=\"https:\/\/eurotherm.eu\/wp-content\/uploads\/2024\/05\/pretrattamento-bici-1030x387.jpg\" alt=\"Eurotherm\" title=\"Eurotherm\"><\/div>\n<p><br \/>\nLe<strong> syst\u00e8me de rev\u00eatement en poudre <\/strong>cr\u00e9\u00e9 est simple, mais il est <strong>personnalis\u00e9 dans les moindres d\u00e9tails <\/strong>afin de r\u00e9pondre aux exigences de l&rsquo;entreprise dans la peinture de ses cadres de v\u00e9lo. L&rsquo;installation se compose d&rsquo;un <strong>four et d&rsquo;une cabine de thermolaquage sur mesure<\/strong> afin que le client puisse contr\u00f4ler la qualit\u00e9 de l&rsquo;ensemble de la cha\u00eene de production.<br \/>\n<\/p>\n<div class=\"swiper-gallery-dida\">\n<div class=\"swiper-wrapper\">\n<div class=\"swiper-slide\">\n<div class=\"respimg-cont\"><img decoding=\"async\" loading=\"lazy\" src=\"https:\/\/eurotherm.eu\/wp-content\/uploads\/2024\/04\/01-Electrical-curing-oven-1030x773.jpg\" alt=\"Eurotherm\" title=\"Eurotherm\"><\/div>\n<\/div>\n<div class=\"swiper-slide\">\n<div class=\"respimg-cont\"><img decoding=\"async\" loading=\"lazy\" src=\"https:\/\/eurotherm.eu\/wp-content\/uploads\/2024\/04\/02-Electrical-curing-oven-773x1030.jpg\" alt=\"Eurotherm\" title=\"Eurotherm\"><\/div>\n<\/div>\n<div class=\"swiper-slide\">\n<div class=\"respimg-cont\"><img decoding=\"async\" loading=\"lazy\" src=\"https:\/\/eurotherm.eu\/wp-content\/uploads\/2024\/04\/03-Electrical-curing-oven-773x1030.jpg\" alt=\"Eurotherm\" title=\"Eurotherm\"><\/div>\n<\/div>\n<div class=\"swiper-slide\">\n<div class=\"respimg-cont\"><img decoding=\"async\" loading=\"lazy\" src=\"https:\/\/eurotherm.eu\/wp-content\/uploads\/2024\/04\/04-Powder-painting-booth-773x1030.jpg\" alt=\"Eurotherm\" title=\"Eurotherm\"><\/div>\n<\/div>\n<\/div>\n<\/div>\n","protected":false},"excerpt":{"rendered":"<p>Le secteur du v\u00e9lo nous donne une grande satisfaction et c&rsquo;est pourquoi nous avons r\u00e9cemment d\u00e9velopp\u00e9 ce syst\u00e8me de rev\u00eatement en poudre compact pour une entreprise artisanale en R\u00e9publique tch\u00e8que sp\u00e9cialis\u00e9e dans la cr\u00e9ation et la personnalisation de v\u00e9los sp\u00e9ciaux \u00e0 deux et trois roues, \u00e9galement avec assistance au p\u00e9dalage. Le syst\u00e8me de rev\u00eatement en [&hellip;]<\/p>\n","protected":false},"author":5,"featured_media":20456,"comment_status":"open","ping_status":"open","sticky":false,"template":"","format":"standard","meta":{"_acf_changed":false,"footnotes":""},"categories":[215],"tags":[],"class_list":["post-50592","post","type-post","status-publish","format-standard","has-post-thumbnail","hentry","category-nouvelles-installations"],"acf":[],"_links":{"self":[{"href":"https:\/\/eurotherm.eu\/fr\/wp-json\/wp\/v2\/posts\/50592","targetHints":{"allow":["GET"]}}],"collection":[{"href":"https:\/\/eurotherm.eu\/fr\/wp-json\/wp\/v2\/posts"}],"about":[{"href":"https:\/\/eurotherm.eu\/fr\/wp-json\/wp\/v2\/types\/post"}],"author":[{"embeddable":true,"href":"https:\/\/eurotherm.eu\/fr\/wp-json\/wp\/v2\/users\/5"}],"replies":[{"embeddable":true,"href":"https:\/\/eurotherm.eu\/fr\/wp-json\/wp\/v2\/comments?post=50592"}],"version-history":[{"count":1,"href":"https:\/\/eurotherm.eu\/fr\/wp-json\/wp\/v2\/posts\/50592\/revisions"}],"predecessor-version":[{"id":51974,"href":"https:\/\/eurotherm.eu\/fr\/wp-json\/wp\/v2\/posts\/50592\/revisions\/51974"}],"wp:featuredmedia":[{"embeddable":true,"href":"https:\/\/eurotherm.eu\/fr\/wp-json\/wp\/v2\/media\/20456"}],"wp:attachment":[{"href":"https:\/\/eurotherm.eu\/fr\/wp-json\/wp\/v2\/media?parent=50592"}],"wp:term":[{"taxonomy":"category","embeddable":true,"href":"https:\/\/eurotherm.eu\/fr\/wp-json\/wp\/v2\/categories?post=50592"},{"taxonomy":"post_tag","embeddable":true,"href":"https:\/\/eurotherm.eu\/fr\/wp-json\/wp\/v2\/tags?post=50592"}],"curies":[{"name":"wp","href":"https:\/\/api.w.org\/{rel}","templated":true}]}}