{"id":50488,"date":"2023-01-24T05:00:45","date_gmt":"2023-01-24T04:00:45","guid":{"rendered":"https:\/\/eurotherm.eu\/conteneur-maritime-standard-cabine-sablage-portable\/"},"modified":"2025-06-13T15:46:43","modified_gmt":"2025-06-13T13:46:43","slug":"conteneur-maritime-standard-cabine-sablage-portable","status":"publish","type":"post","link":"https:\/\/eurotherm.eu\/fr\/conteneur-maritime-standard-cabine-sablage-portable\/","title":{"rendered":"Du conteneur maritime standard&#8230; \u00e0 la cabine de sablage \u00ab\u00a0portable\u00a0\u00bb"},"content":{"rendered":"<p><br \/>\nLe monde du commerce est dynamique et en constante \u00e9volution, et c&rsquo;est cette vitesse qui convient parfaitement \u00e0 la cr\u00e9ation de <strong>salles de sablage \u00e0 partir de conteneurs maritimes<\/strong>.<\/p>\n<p>Il s&rsquo;agit d&rsquo;une solution <strong>s\u00fbre, efficace et facilement d\u00e9pla\u00e7able<\/strong> pour les entreprises qui doivent effectuer un sablage de qualit\u00e9 dans diff\u00e9rents endroits ou pour de courtes p\u00e9riodes, car le syst\u00e8me peut \u00eatre transport\u00e9 sur le site de sablage simplement par un camion de taille standard de 20 ou 40 pieds.<\/p>\n<p>Les conteneurs de sablage Eurotherm permettent de r\u00e9aliser des op\u00e9rations de grenaillage dans un <strong>environnement ferm\u00e9 et prot\u00e9g\u00e9, conform\u00e9ment aux normes applicables et aux exigences de qualit\u00e9<\/strong>.<\/p>\n<p>La <strong>structure est construite de mani\u00e8re \u00e9tanche<\/strong>, de sorte que les conteneurs de grenaillage peuvent \u00eatre install\u00e9s \u00e0 l&rsquo;ext\u00e9rieur ou \u00e0 l&rsquo;int\u00e9rieur, sans qu&rsquo;il soit n\u00e9cessaire de pr\u00e9voir une fondation, puisqu&rsquo;ils peuvent \u00eatre plac\u00e9s directement sur le sol.<br \/>\n<\/p>\n<div class=\"swiper-gallery-dida\">\n<div class=\"swiper-wrapper\">\n<div class=\"swiper-slide\">\n<div class=\"respimg-cont\"><img decoding=\"async\" loading=\"lazy\" src=\"https:\/\/eurotherm.eu\/wp-content\/uploads\/2023\/01\/1-Shot-blasting-container-with-access-ramp.jpg\" alt=\"Eurotherm\" title=\"Eurotherm\"><\/div>\n<\/div>\n<div class=\"swiper-slide\">\n<div class=\"respimg-cont\"><img decoding=\"async\" loading=\"lazy\" src=\"https:\/\/eurotherm.eu\/wp-content\/uploads\/2023\/01\/2-Shot-blasting-container-with-access-ramp.jpg\" alt=\"Eurotherm\" title=\"Eurotherm\"><\/div>\n<\/div>\n<div class=\"swiper-slide\">\n<div class=\"respimg-cont\"><img decoding=\"async\" loading=\"lazy\" src=\"https:\/\/eurotherm.eu\/wp-content\/uploads\/2023\/01\/3-Shot-blasting-container-with-grit-recovery-system.jpg\" alt=\"Eurotherm\" title=\"Eurotherm\"><\/div>\n<\/div>\n<div class=\"swiper-slide\">\n<div class=\"respimg-cont\"><img decoding=\"async\" loading=\"lazy\" src=\"https:\/\/eurotherm.eu\/wp-content\/uploads\/2023\/01\/4-Shot-blasting-container-with-grit-recovery-system-564x1030.jpg\" alt=\"Eurotherm\" title=\"Eurotherm\"><\/div>\n<\/div>\n<div class=\"swiper-slide\">\n<div class=\"respimg-cont\"><img decoding=\"async\" loading=\"lazy\" src=\"https:\/\/eurotherm.eu\/wp-content\/uploads\/2023\/01\/5-Shot-blasting-container-lateral-door.jpg\" alt=\"Eurotherm\" title=\"Eurotherm\"><\/div>\n<\/div>\n<div class=\"swiper-slide\">\n<div class=\"respimg-cont\"><img decoding=\"async\" loading=\"lazy\" src=\"https:\/\/eurotherm.eu\/wp-content\/uploads\/2023\/01\/6-Shot-blasting-container-internal.jpg\" alt=\"Eurotherm\" title=\"Eurotherm\"><\/div>\n<\/div>\n<\/div>\n<\/div>\n<p><\/p>\n<h2>Accessoires pour conteneurs de grenaillage<\/h2>\n<p>En \u00e9coutant les besoins du client, les ing\u00e9nieurs d&rsquo;Eurotherm transforment des conteneurs maritimes standard en <strong>v\u00e9ritables salles de sablage<\/strong>, qui sont g\u00e9n\u00e9ralement \u00e9quip\u00e9es de :<\/p>\n<ul>\n<li>mur d&rsquo;aspiration,<\/li>\n<li>syst\u00e8me de r\u00e9cup\u00e9ration des sables,<\/li>\n<li>lumi\u00e8res,<\/li>\n<li>machine de sablage,<\/li>\n<li>grilles de ventilation,<\/li>\n<li>porte de service et s\u00e9curit\u00e9 lat\u00e9rale,<\/li>\n<li>rampe d&rsquo;acc\u00e8s.<\/li>\n<\/ul>\n<p>&#8230; et tout le n\u00e9cessaire pour <strong>sabler en toute s\u00e9curit\u00e9 mais avec un syst\u00e8me \u00ab\u00a0portable\u00a0\u00bb.<\/strong><br \/>\n<\/p>\n","protected":false},"excerpt":{"rendered":"<p>Le monde du commerce est dynamique et en constante \u00e9volution, et c&rsquo;est cette vitesse qui convient parfaitement \u00e0 la cr\u00e9ation de salles de sablage \u00e0 partir de conteneurs maritimes. Il s&rsquo;agit d&rsquo;une solution s\u00fbre, efficace et facilement d\u00e9pla\u00e7able pour les entreprises qui doivent effectuer un sablage de qualit\u00e9 dans diff\u00e9rents endroits ou pour de courtes [&hellip;]<\/p>\n","protected":false},"author":5,"featured_media":18206,"comment_status":"open","ping_status":"open","sticky":false,"template":"","format":"standard","meta":{"_acf_changed":false,"footnotes":""},"categories":[215],"tags":[],"class_list":["post-50488","post","type-post","status-publish","format-standard","has-post-thumbnail","hentry","category-nouvelles-installations"],"acf":[],"_links":{"self":[{"href":"https:\/\/eurotherm.eu\/fr\/wp-json\/wp\/v2\/posts\/50488","targetHints":{"allow":["GET"]}}],"collection":[{"href":"https:\/\/eurotherm.eu\/fr\/wp-json\/wp\/v2\/posts"}],"about":[{"href":"https:\/\/eurotherm.eu\/fr\/wp-json\/wp\/v2\/types\/post"}],"author":[{"embeddable":true,"href":"https:\/\/eurotherm.eu\/fr\/wp-json\/wp\/v2\/users\/5"}],"replies":[{"embeddable":true,"href":"https:\/\/eurotherm.eu\/fr\/wp-json\/wp\/v2\/comments?post=50488"}],"version-history":[{"count":1,"href":"https:\/\/eurotherm.eu\/fr\/wp-json\/wp\/v2\/posts\/50488\/revisions"}],"predecessor-version":[{"id":51831,"href":"https:\/\/eurotherm.eu\/fr\/wp-json\/wp\/v2\/posts\/50488\/revisions\/51831"}],"wp:featuredmedia":[{"embeddable":true,"href":"https:\/\/eurotherm.eu\/fr\/wp-json\/wp\/v2\/media\/18206"}],"wp:attachment":[{"href":"https:\/\/eurotherm.eu\/fr\/wp-json\/wp\/v2\/media?parent=50488"}],"wp:term":[{"taxonomy":"category","embeddable":true,"href":"https:\/\/eurotherm.eu\/fr\/wp-json\/wp\/v2\/categories?post=50488"},{"taxonomy":"post_tag","embeddable":true,"href":"https:\/\/eurotherm.eu\/fr\/wp-json\/wp\/v2\/tags?post=50488"}],"curies":[{"name":"wp","href":"https:\/\/api.w.org\/{rel}","templated":true}]}}