{"id":50327,"date":"2021-04-26T14:35:03","date_gmt":"2021-04-26T12:35:03","guid":{"rendered":"https:\/\/eurotherm.eu\/container-sur-mesure-avec-systeme-de-climatisation-utilise-pour-le-stockage-de-la-peinture\/"},"modified":"2025-06-13T15:45:24","modified_gmt":"2025-06-13T13:45:24","slug":"container-sur-mesure-avec-systeme-de-climatisation-utilise-pour-le-stockage-de-la-peinture","status":"publish","type":"post","link":"https:\/\/eurotherm.eu\/fr\/container-sur-mesure-avec-systeme-de-climatisation-utilise-pour-le-stockage-de-la-peinture\/","title":{"rendered":"Container sur mesure, avec syst\u00e8me de climatisation, utilis\u00e9 pour le stockage de la peinture"},"content":{"rendered":"\n<p><span lang=\"fr-FR\">Module de stockage con\u00e7u pour r\u00e9sister aux agents ext\u00e9rieurs, avec toit et murs \u00e9tanches, \u00e9quip\u00e9 d&rsquo;un syst\u00e8me de climatisation chaud \/ froid et d&rsquo;un aspirateur \u00e0 recirculation forc\u00e9e\u00a0: \u00e0 cet effet, le rayonnage interne est r\u00e9alis\u00e9 avec des lattes sp\u00e9ciales con\u00e7ues pour faciliter la recirculation de l&rsquo;air.<\/span><\/p>\n<p><span lang=\"fr-FR\">Pour \u00e9viter le risque de d\u00e9versement des f\u00fbts de peinture dans l&rsquo;environnement, le fond du conteneur est constitu\u00e9 d\u2019un bac de r\u00e9tention \u00e9tanche.<\/span><\/p>\n<p><span lang=\"fr-FR\">La structure interne autoportante en acier \u00e9lectro soud\u00e9 supporte les parois et le toit en panneaux pr\u00e9-insol\u00e9es ignifug\u00e9s, des aspirateurs et des \u00e9vents pour ventilation forc\u00e9e avec clapets de s\u00e9curit\u00e9, portes coulissantes, \u00e9tag\u00e8res internes \u00e0 lattes pour le stockage de la peinture compl\u00e8tent l&rsquo;\u00e9quipement.<\/span><\/p>\n","protected":false},"excerpt":{"rendered":"<p>Module de stockage con\u00e7u pour r\u00e9sister aux agents ext\u00e9rieurs, avec toit et murs \u00e9tanches, \u00e9quip\u00e9 d&rsquo;un syst\u00e8me de climatisation chaud \/ froid et d&rsquo;un aspirateur \u00e0 recirculation forc\u00e9e\u00a0: \u00e0 cet effet, le rayonnage interne est r\u00e9alis\u00e9 avec des lattes sp\u00e9ciales con\u00e7ues pour faciliter la recirculation de l&rsquo;air. Pour \u00e9viter le risque de d\u00e9versement des f\u00fbts [&hellip;]<\/p>\n","protected":false},"author":3,"featured_media":12536,"comment_status":"open","ping_status":"open","sticky":false,"template":"","format":"standard","meta":{"_acf_changed":false,"footnotes":""},"categories":[215],"tags":[],"class_list":["post-50327","post","type-post","status-publish","format-standard","has-post-thumbnail","hentry","category-nouvelles-installations"],"acf":[],"_links":{"self":[{"href":"https:\/\/eurotherm.eu\/fr\/wp-json\/wp\/v2\/posts\/50327","targetHints":{"allow":["GET"]}}],"collection":[{"href":"https:\/\/eurotherm.eu\/fr\/wp-json\/wp\/v2\/posts"}],"about":[{"href":"https:\/\/eurotherm.eu\/fr\/wp-json\/wp\/v2\/types\/post"}],"author":[{"embeddable":true,"href":"https:\/\/eurotherm.eu\/fr\/wp-json\/wp\/v2\/users\/3"}],"replies":[{"embeddable":true,"href":"https:\/\/eurotherm.eu\/fr\/wp-json\/wp\/v2\/comments?post=50327"}],"version-history":[{"count":1,"href":"https:\/\/eurotherm.eu\/fr\/wp-json\/wp\/v2\/posts\/50327\/revisions"}],"predecessor-version":[{"id":51662,"href":"https:\/\/eurotherm.eu\/fr\/wp-json\/wp\/v2\/posts\/50327\/revisions\/51662"}],"wp:featuredmedia":[{"embeddable":true,"href":"https:\/\/eurotherm.eu\/fr\/wp-json\/wp\/v2\/media\/12536"}],"wp:attachment":[{"href":"https:\/\/eurotherm.eu\/fr\/wp-json\/wp\/v2\/media?parent=50327"}],"wp:term":[{"taxonomy":"category","embeddable":true,"href":"https:\/\/eurotherm.eu\/fr\/wp-json\/wp\/v2\/categories?post=50327"},{"taxonomy":"post_tag","embeddable":true,"href":"https:\/\/eurotherm.eu\/fr\/wp-json\/wp\/v2\/tags?post=50327"}],"curies":[{"name":"wp","href":"https:\/\/api.w.org\/{rel}","templated":true}]}}