{"id":50292,"date":"2020-12-29T14:05:17","date_gmt":"2020-12-29T13:05:17","guid":{"rendered":"https:\/\/eurotherm.eu\/nous-avons-construit-et-livre-un-four-statique-special-en-un-temps-record-un-autre-defi-releve\/"},"modified":"2025-06-13T15:45:05","modified_gmt":"2025-06-13T13:45:05","slug":"nous-avons-construit-et-livre-un-four-statique-special-en-un-temps-record-un-autre-defi-releve","status":"publish","type":"post","link":"https:\/\/eurotherm.eu\/fr\/nous-avons-construit-et-livre-un-four-statique-special-en-un-temps-record-un-autre-defi-releve\/","title":{"rendered":"Nous avons construit et livr\u00e9 un four statique sp\u00e9cial en un temps record, un autre d\u00e9fi relev\u00e9!"},"content":{"rendered":"\n<p><span lang=\"fr-FR\">Livraison, transport et installation dans des espaces confin\u00e9s d&rsquo;un four statique sp\u00e9cial jusqu&rsquo;\u00e0 350 \u00b0 C avec 70kW de puissance \u00e9lectrique avant la fin de l&rsquo;ann\u00e9e.<\/span><\/p>\n<p><span lang=\"en\">\u00a0<\/span><\/p>\n","protected":false},"excerpt":{"rendered":"<p>Livraison, transport et installation dans des espaces confin\u00e9s d&rsquo;un four statique sp\u00e9cial jusqu&rsquo;\u00e0 350 \u00b0 C avec 70kW de puissance \u00e9lectrique avant la fin de l&rsquo;ann\u00e9e. \u00a0<\/p>\n","protected":false},"author":3,"featured_media":11983,"comment_status":"open","ping_status":"open","sticky":false,"template":"","format":"standard","meta":{"_acf_changed":false,"footnotes":""},"categories":[215],"tags":[],"class_list":["post-50292","post","type-post","status-publish","format-standard","has-post-thumbnail","hentry","category-nouvelles-installations"],"acf":[],"_links":{"self":[{"href":"https:\/\/eurotherm.eu\/fr\/wp-json\/wp\/v2\/posts\/50292","targetHints":{"allow":["GET"]}}],"collection":[{"href":"https:\/\/eurotherm.eu\/fr\/wp-json\/wp\/v2\/posts"}],"about":[{"href":"https:\/\/eurotherm.eu\/fr\/wp-json\/wp\/v2\/types\/post"}],"author":[{"embeddable":true,"href":"https:\/\/eurotherm.eu\/fr\/wp-json\/wp\/v2\/users\/3"}],"replies":[{"embeddable":true,"href":"https:\/\/eurotherm.eu\/fr\/wp-json\/wp\/v2\/comments?post=50292"}],"version-history":[{"count":1,"href":"https:\/\/eurotherm.eu\/fr\/wp-json\/wp\/v2\/posts\/50292\/revisions"}],"predecessor-version":[{"id":51624,"href":"https:\/\/eurotherm.eu\/fr\/wp-json\/wp\/v2\/posts\/50292\/revisions\/51624"}],"wp:featuredmedia":[{"embeddable":true,"href":"https:\/\/eurotherm.eu\/fr\/wp-json\/wp\/v2\/media\/11983"}],"wp:attachment":[{"href":"https:\/\/eurotherm.eu\/fr\/wp-json\/wp\/v2\/media?parent=50292"}],"wp:term":[{"taxonomy":"category","embeddable":true,"href":"https:\/\/eurotherm.eu\/fr\/wp-json\/wp\/v2\/categories?post=50292"},{"taxonomy":"post_tag","embeddable":true,"href":"https:\/\/eurotherm.eu\/fr\/wp-json\/wp\/v2\/tags?post=50292"}],"curies":[{"name":"wp","href":"https:\/\/api.w.org\/{rel}","templated":true}]}}