{"id":50205,"date":"2024-01-29T23:01:49","date_gmt":"2024-01-29T22:01:49","guid":{"rendered":"https:\/\/eurotherm.eu\/get-technical-2023-themes\/"},"modified":"2025-06-13T15:47:36","modified_gmt":"2025-06-13T13:47:36","slug":"get-technical-2023-themes","status":"publish","type":"post","link":"https:\/\/eurotherm.eu\/fr\/get-technical-2023-themes\/","title":{"rendered":"GET TECHNICAL 2023 th\u00e8mes et chiffres"},"content":{"rendered":"<p><br \/>\nUn programme intense, une approche tactique et un objectif commun : discuter de la mani\u00e8re dont la finition industrielle devrait revenir en Europe en parlant le langage de la qualit\u00e9. Ce sont grace a ces ingr\u00e9dients que GET TECHNICAL 2023 a eu autant de succes.<\/p>\n<p>Un \u00e9v\u00e9nement en direct de deux jours d\u00e9di\u00e9 aux comp\u00e9tences techniques et aux innovations pour discuter des meilleures m\u00e9thodes de peinture pour les v\u00e9los et les \u00e9quipements sportifs.<br \/>\n<\/p>\n<p>[av_video src=&rsquo;https:\/\/www.youtube.com\/watch?v=lT8FDa6uoBA&rsquo; mobile_image=\u00a0\u00bb attachment=\u00a0\u00bb attachment_size=\u00a0\u00bb format=&rsquo;16-9&prime; width=&rsquo;16&rsquo; height=&rsquo;9&prime; conditional_play=\u00a0\u00bb id=\u00a0\u00bb custom_class=\u00a0\u00bb template_class=\u00a0\u00bb av_uid=&rsquo;av-lrzj7nfj&rsquo; sc_version=&rsquo;1.0&prime;]<\/p>\n<p><\/p>\n<h2>Les chiffres et les interventions<\/h2>\n<p>L&rsquo;\u00e9v\u00e9nement a \u00e9t\u00e9 un \u00e9norme succ\u00e8s, avec <strong>plus de 180 participants venus de toute l&rsquo;Europe<\/strong>, parmi lesquels des \u00e9quipementiers, des fournisseurs, des peintres sous contrat et des innovateurs. La s\u00e9ance du matin a \u00e9t\u00e9 inaugur\u00e9e par un discours de bienvenue du PDG d&rsquo;Eurotherm, Paolo Ghiazza, qui a pr\u00e9sent\u00e9 l&rsquo;\u00e9v\u00e9nement. Par la suite, Yavor Peshev, PDG de sppot, a pr\u00e9sent\u00e9 en d\u00e9tail l&rsquo;\u00e9cosyst\u00e8me sppot, ses objectifs et ses projets, tandis que <strong>Darren Bond, directeur des ventes <\/strong><br \/>\n<\/p>\n<div class=\"swiper-gallery-dida\">\n<div class=\"swiper-wrapper\">\n<div class=\"swiper-slide\">\n<div class=\"respimg-cont\"><img decoding=\"async\" loading=\"lazy\" src=\"https:\/\/eurotherm.eu\/wp-content\/uploads\/2024\/01\/40bd1028-838c-45f4-87ec-b662ad91ed83-773x1030.jpg\" alt=\"Eurotherm\" title=\"Eurotherm\"><\/div>\n<\/div>\n<div class=\"swiper-slide\">\n<div class=\"respimg-cont\"><img decoding=\"async\" loading=\"lazy\" src=\"https:\/\/eurotherm.eu\/wp-content\/uploads\/2024\/01\/a9debf0d-be0d-42ce-a18a-b48789923dd1-1030x773.jpg\" alt=\"Eurotherm\" title=\"Eurotherm\"><\/div>\n<\/div>\n<\/div>\n<\/div>\n<p><\/p>\n<h2>Les th\u00e9matiques de GET TECHNICAL 2023<\/h2>\n<p>Les deux tables rondes de l&rsquo;apr\u00e8s-midi, ax\u00e9es sur des sujets cruciaux tels que <strong>la relocalisation, la qualit\u00e9 de la production en Europe et la circularit\u00e9,<\/strong> ont impliqu\u00e9 plusieurs intervenants et techniciens experts. Il est apparu que l\u2019avenir de l\u2019industrie manufacturi\u00e8re europ\u00e9enne doit ramener le d\u00e9bat sur l\u2019opportunit\u00e9 de la relocalisation et les d\u00e9fis auxquels les usines europ\u00e9ennes sont confront\u00e9es.<\/p>\n<h3>Relocalisation<\/h3>\n<p>La pand\u00e9mie et la guerre entre la Russie et l\u2019Ukraine ont mis en lumi\u00e8re la n\u00e9cessit\u00e9 d\u2019une relocalisation. La r\u00e9duction de la d\u00e9pendance ext\u00e9rieure, une plus grande flexibilit\u00e9 et les normes ESG ne sont que quelques-unes des bonnes raisons de croire \u00e0 nouveau au Made in Europe.<\/p>\n<p>Il ne s\u2019agit pas d\u2019une alternative bon march\u00e9, mais d\u2019une solution ax\u00e9e sur la qualit\u00e9, la durabilit\u00e9 et l\u2019aspect social de ces choix.<\/p>\n<h3>La qualit\u00e9 de production<\/h3>\n<p>Dans les mois pr\u00e9c\u00e9dant l&rsquo;\u00e9v\u00e9nement, nous avons am\u00e9nag\u00e9 une zone de d\u00e9monstration avec des cabines de rev\u00eatement en poudre et liquide, des robots Lesta, des pistolets pulv\u00e9risateurs et des syst\u00e8mes d&rsquo;application manuels WAGNER.<\/p>\n<p>L&rsquo;objectif \u00e9tait d&rsquo;organiser <strong>des d\u00e9monstrations techniques en temps r\u00e9el<\/strong> des processus de peinture et de finition de surface des cadres et composants de v\u00e9los capables d&rsquo;apporter des r\u00e9ponses concr\u00e8tes aux probl\u00e8mes de peinture et de souligner notre engagement \u00e0 fournir des <strong>solutions compl\u00e8tes et avant-gardistes <\/strong>pour la finition de surface.<\/p>\n<p>Les participants ont en effet pu se concentrer sur certains des probl\u00e8mes les plus courants dans le processus de peinture des v\u00e9los, en \u00e9tant capables d&rsquo;affronter l&rsquo;atelier de d\u00e9calcomanie organis\u00e9 par <strong>Posterama<\/strong>, le cours de r\u00e9paration de rayures <strong>Duthoo <\/strong>et les derni\u00e8res tendances en mati\u00e8re de gamme de couleurs et de nuances. <strong>de TIGER et Berlac<\/strong>.<\/p>\n<h3>Circularit\u00e9<\/h3>\n<p>La deuxi\u00e8me table ronde de l&rsquo;apr\u00e8s-midi a port\u00e9 sur le th\u00e8me de la circularit\u00e9. Un sujet de plus en plus important au sein de l\u2019Union europ\u00e9enne qui nous am\u00e8ne \u00e0 envisager des cycles de vie plus longs pour les produits avec une approche strat\u00e9gique.<\/p>\n<p>La long\u00e9vit\u00e9 du produit commence en effet d\u00e8s la production et en particulier depuis le syst\u00e8me de peinture qui comprend un pr\u00e9traitement efficace, des op\u00e9rateurs qualifi\u00e9s sur la ligne et un contr\u00f4le qualit\u00e9 rigoureux des finitions de surface du d\u00e9but \u00e0 la fin du processus.<\/p>\n<p>D&rsquo;un point de vue pratique, les techniciens ont pu mettre en \u00e9vidence quelles sont les erreurs les plus courantes sur la ligne de peinture et comment les \u00e9viter, en mettant l&rsquo;accent sur l&rsquo;importance du facteur humain dans l&rsquo;Industrie 4.0.<br \/>\n<\/p>\n","protected":false},"excerpt":{"rendered":"<p>Un programme intense, une approche tactique et un objectif commun : discuter de la mani\u00e8re dont la finition industrielle devrait revenir en Europe en parlant le langage de la qualit\u00e9. Ce sont grace a ces ingr\u00e9dients que GET TECHNICAL 2023 a eu autant de succes. Un \u00e9v\u00e9nement en direct de deux jours d\u00e9di\u00e9 aux comp\u00e9tences [&hellip;]<\/p>\n","protected":false},"author":5,"featured_media":32409,"comment_status":"open","ping_status":"open","sticky":false,"template":"","format":"standard","meta":{"_acf_changed":false,"footnotes":""},"categories":[213],"tags":[],"class_list":["post-50205","post","type-post","status-publish","format-standard","has-post-thumbnail","hentry","category-des-articles"],"acf":[],"_links":{"self":[{"href":"https:\/\/eurotherm.eu\/fr\/wp-json\/wp\/v2\/posts\/50205","targetHints":{"allow":["GET"]}}],"collection":[{"href":"https:\/\/eurotherm.eu\/fr\/wp-json\/wp\/v2\/posts"}],"about":[{"href":"https:\/\/eurotherm.eu\/fr\/wp-json\/wp\/v2\/types\/post"}],"author":[{"embeddable":true,"href":"https:\/\/eurotherm.eu\/fr\/wp-json\/wp\/v2\/users\/5"}],"replies":[{"embeddable":true,"href":"https:\/\/eurotherm.eu\/fr\/wp-json\/wp\/v2\/comments?post=50205"}],"version-history":[{"count":1,"href":"https:\/\/eurotherm.eu\/fr\/wp-json\/wp\/v2\/posts\/50205\/revisions"}],"predecessor-version":[{"id":51925,"href":"https:\/\/eurotherm.eu\/fr\/wp-json\/wp\/v2\/posts\/50205\/revisions\/51925"}],"wp:featuredmedia":[{"embeddable":true,"href":"https:\/\/eurotherm.eu\/fr\/wp-json\/wp\/v2\/media\/32409"}],"wp:attachment":[{"href":"https:\/\/eurotherm.eu\/fr\/wp-json\/wp\/v2\/media?parent=50205"}],"wp:term":[{"taxonomy":"category","embeddable":true,"href":"https:\/\/eurotherm.eu\/fr\/wp-json\/wp\/v2\/categories?post=50205"},{"taxonomy":"post_tag","embeddable":true,"href":"https:\/\/eurotherm.eu\/fr\/wp-json\/wp\/v2\/tags?post=50205"}],"curies":[{"name":"wp","href":"https:\/\/api.w.org\/{rel}","templated":true}]}}