{"id":50124,"date":"2022-03-14T15:02:35","date_gmt":"2022-03-14T14:02:35","guid":{"rendered":"https:\/\/eurotherm.eu\/installations-de-peinture-a-faible-cout-energetique\/"},"modified":"2025-06-13T15:45:57","modified_gmt":"2025-06-13T13:45:57","slug":"installations-de-peinture-a-faible-cout-energetique","status":"publish","type":"post","link":"https:\/\/eurotherm.eu\/fr\/installations-de-peinture-a-faible-cout-energetique\/","title":{"rendered":"Installations de peinture \u00e0 faible co\u00fbt \u00e9nerg\u00e9tique"},"content":{"rendered":"<p>Nous avons commenc\u00e9 \u00e0 \u00e9crire cet article il y a quelques semaines, alors que le co\u00fbt \u00e9lev\u00e9 de l&rsquo;\u00e9nergie &#8211; plus qu&rsquo;un simple spectre planant sur notre pays &#8211; s&rsquo;\u00e9tait d\u00e9finitivement mat\u00e9rialis\u00e9 non seulement dans la vie des particuliers, mais aussi &#8211; et surtout &#8211; dans le secteur manufacturier national.<\/p>\n<p>Aujourd&rsquo;hui, <strong>\u00e0 la lumi\u00e8re des r\u00e9cents \u00e9v\u00e9nements internationaux<\/strong>, nous nous voyons oblig\u00e9s de reprendre l&rsquo;argument.<\/p>\n<p><img loading=\"lazy\" decoding=\"async\" class=\"aligncenter wp-image-15925 size-full\" src=\"https:\/\/eurotherm.eu\/wp-content\/uploads\/2022\/03\/impianti-eurotherm-energia.jpg\" alt=\"impianti Eurotherm energia\" width=\"1200\" height=\"900\" title=\"Eurotherm\"><\/p>\n<h2>Hausse des co\u00fbts de l&rsquo;\u00e9nergie : les chiffres<\/h2>\n<p><strong>Le prix de l&rsquo;\u00e9nergie (gaz et \u00e9lectricit\u00e9) a consid\u00e9rablement augment\u00e9<\/strong> depuis le dernier trimestre de l&rsquo;ann\u00e9e derni\u00e8re. Par vagues successives, l&rsquo;information a pris le dessus sur le milieu de l&rsquo;actualit\u00e9, avec des rapports sur l&rsquo;incertitude des citoyens, des pr\u00e9dictions de \u00ab\u00a0temps difficiles\u00a0\u00bb g\u00e9n\u00e9riques et certaines proclamations politiques.<\/p>\n<p>Jusqu&rsquo;\u00e0 avant l&rsquo;invasion de l&rsquo;Ukraine, <strong>le co\u00fbt du gaz avait \u00e9t\u00e9 multipli\u00e9 par six<\/strong>. Le co\u00fbt de l&rsquo;\u00e9nergie a \u00e9t\u00e9 multipli\u00e9 par 4,5. Ces augmentations n&rsquo;auraient pas \u00e9t\u00e9 refl\u00e9t\u00e9es dans nos factures (les taxes se taillent la part du lion), mais elles auraient signal\u00e9 la direction de changements qui feraient date.<\/p>\n<p>Aujourd&rsquo;hui, la perspective est encore plus lourde, avec la flamb\u00e9e des prix du gaz naturel et du p\u00e9trole sur les march\u00e9s internationaux. Entre sanctions internationales, <strong>tentatives de diversification des fournisseurs<\/strong> et modernisation des installations, l&rsquo;incertitude r\u00e8gne en ma\u00eetre.<\/p>\n<h2>Hausse des prix de l&rsquo;\u00e9nergie : quelles cons\u00e9quences pour les entreprises \u00e9nergivores ?<\/h2>\n<p>La cat\u00e9gorie est celle des installations dites \u00e9nergivores, c&rsquo;est-\u00e0-dire des activit\u00e9s de production qui consomment \u00e9norm\u00e9ment d&rsquo;\u00e9nergie. Les usines de papier, les cimenteries et les usines m\u00e9tallurgiques sont g\u00e9n\u00e9ralement cit\u00e9es comme repr\u00e9sentants de cette cat\u00e9gorie, mais les syst\u00e8mes de peinture sont \u00e9galement au premier rang.<\/p>\n<blockquote><p><em>Les entreprises qui utilisent encore les anciens syst\u00e8mes verront leur facture \u00e9nerg\u00e9tique d\u00e9cupler, ce qui rendra plus rentable l&rsquo;arr\u00eat de leurs lignes de production.<\/em><\/p><\/blockquote>\n<p><img loading=\"lazy\" decoding=\"async\" class=\"aligncenter wp-image-15929 size-full\" src=\"https:\/\/eurotherm.eu\/wp-content\/uploads\/2022\/03\/risparmio-energetico-impianti-eurotherm.jpg\" alt=\"risparmio energetico impianti Eurotherm\" width=\"1200\" height=\"900\" title=\"Eurotherm\"><\/p>\n<h2>Co\u00fbts \u00e9nerg\u00e9tiques \u00e9lev\u00e9s pour les syst\u00e8mes de peinture et contr\u00f4le de la consommation<\/h2>\n<p><em>La solution<\/em> ? <strong>Des syst\u00e8mes de nouvelle g\u00e9n\u00e9ration<\/strong>. Cette solution est \u00ab\u00a0pilot\u00e9e\u00a0\u00bb par le fait que les syst\u00e8mes eux-m\u00eames sont moins gourmands en \u00e9nergie.<\/p>\n<p>Supposons qu&rsquo;il existe <strong>deux types de syst\u00e8mes<\/strong> : <strong>en continu ou par \u00e9tapes<\/strong>. Dans le cas des syst\u00e8mes automatiques en continu, une fois que la pi\u00e8ce a \u00e9t\u00e9 accroch\u00e9e \u00e0 la nacelle, elle n&rsquo;est pas retir\u00e9e avant la fin du cycle de production. La pi\u00e8ce passe en continu par les diff\u00e9rentes \u00e9tapes du processus, comme le pr\u00e9traitement ou la cuisson, sans \u00eatre manipul\u00e9e. Les \u00e9conomies de temps et de travail sont \u00e9videntes, mais l&rsquo;absence de portes en fait un syst\u00e8me tr\u00e8s \u00e9nergivore pour la production de tr\u00e8s grands lots.<\/p>\n<p>En revanche, dans les syst\u00e8mes de rev\u00eatement par \u00e9tapes, les portes des cabines de traitement peuvent \u00eatre ferm\u00e9es. Pour les deux syst\u00e8mes, la prochaine \u00e9tape franchie par Eurotherm est le d\u00e9veloppement d&rsquo;un <strong>syst\u00e8me de contr\u00f4le de la consommation \u00e0 installer sur nos syst\u00e8mes<\/strong>.<\/p>\n<p>Le point central du syst\u00e8me est le contr\u00f4le de la consommation, qui prend en compte les actions des op\u00e9rateurs : lorsque celles-ci ne sont pas optimis\u00e9es, elles entra\u00eenent un gaspillage d&rsquo;\u00e9nergie.<\/p>\n<p>De m\u00eame qu&rsquo;il existe des machines plus ou moins \u00e9nergivores, <strong>nous pouvons identifier les phases de travail qui consomment plus ou moins d&rsquo;\u00e9nergie<\/strong>. Une fois identifi\u00e9s, il est possible d&rsquo;intervenir par conception pour r\u00e9duire leur impact sur la consommation globale de la ligne de production.<\/p>\n<p><img loading=\"lazy\" decoding=\"async\" class=\"aligncenter wp-image-15921 size-full\" src=\"https:\/\/eurotherm.eu\/wp-content\/uploads\/2022\/03\/impianti-eurotherm-40.jpg\" alt=\"impianti Eurotherm 4.0\" width=\"1200\" height=\"801\" title=\"Eurotherm\"><\/p>\n<h2>L&rsquo;exp\u00e9rimentation d&rsquo;Eurotherm<\/h2>\n<p><strong>Le principe sous-jacent est celui du Plan de Transition 4.0<\/strong> : des logiciels particuli\u00e8rement avanc\u00e9s qui d\u00e9tectent les donn\u00e9es pendant les phases de traitement. Les actions que nous int\u00e9grons dans les nouvelles installations sont diverses, mais elles contribuent toutes \u00e0 limiter autant que possible la consommation d&rsquo;\u00e9nergie. Par exemple, le logiciel dont nous \u00e9quipons les nouvelles installations permettra des arr\u00eats cibl\u00e9s, par exemple \u00e0 l&rsquo;heure du d\u00e9jeuner.<\/p>\n<blockquote><p><em>Nous ne pouvons pas contr\u00f4ler le prix de l&rsquo;\u00e9nergie, mais nous pouvons contr\u00f4ler la fa\u00e7on dont elle est utilis\u00e9e.<\/em><\/p><\/blockquote>\n","protected":false},"excerpt":{"rendered":"<p>Nous avons commenc\u00e9 \u00e0 \u00e9crire cet article il y a quelques semaines, alors que le co\u00fbt \u00e9lev\u00e9 de l&rsquo;\u00e9nergie &#8211; plus qu&rsquo;un simple spectre planant sur notre pays &#8211; s&rsquo;\u00e9tait d\u00e9finitivement mat\u00e9rialis\u00e9 non seulement dans la vie des particuliers, mais aussi &#8211; et surtout &#8211; dans le secteur manufacturier national. Aujourd&rsquo;hui, \u00e0 la lumi\u00e8re des [&hellip;]<\/p>\n","protected":false},"author":5,"featured_media":30861,"comment_status":"open","ping_status":"open","sticky":false,"template":"","format":"standard","meta":{"_acf_changed":false,"footnotes":""},"categories":[213],"tags":[],"class_list":["post-50124","post","type-post","status-publish","format-standard","has-post-thumbnail","hentry","category-des-articles"],"acf":[],"_links":{"self":[{"href":"https:\/\/eurotherm.eu\/fr\/wp-json\/wp\/v2\/posts\/50124","targetHints":{"allow":["GET"]}}],"collection":[{"href":"https:\/\/eurotherm.eu\/fr\/wp-json\/wp\/v2\/posts"}],"about":[{"href":"https:\/\/eurotherm.eu\/fr\/wp-json\/wp\/v2\/types\/post"}],"author":[{"embeddable":true,"href":"https:\/\/eurotherm.eu\/fr\/wp-json\/wp\/v2\/users\/5"}],"replies":[{"embeddable":true,"href":"https:\/\/eurotherm.eu\/fr\/wp-json\/wp\/v2\/comments?post=50124"}],"version-history":[{"count":1,"href":"https:\/\/eurotherm.eu\/fr\/wp-json\/wp\/v2\/posts\/50124\/revisions"}],"predecessor-version":[{"id":51740,"href":"https:\/\/eurotherm.eu\/fr\/wp-json\/wp\/v2\/posts\/50124\/revisions\/51740"}],"wp:featuredmedia":[{"embeddable":true,"href":"https:\/\/eurotherm.eu\/fr\/wp-json\/wp\/v2\/media\/30861"}],"wp:attachment":[{"href":"https:\/\/eurotherm.eu\/fr\/wp-json\/wp\/v2\/media?parent=50124"}],"wp:term":[{"taxonomy":"category","embeddable":true,"href":"https:\/\/eurotherm.eu\/fr\/wp-json\/wp\/v2\/categories?post=50124"},{"taxonomy":"post_tag","embeddable":true,"href":"https:\/\/eurotherm.eu\/fr\/wp-json\/wp\/v2\/tags?post=50124"}],"curies":[{"name":"wp","href":"https:\/\/api.w.org\/{rel}","templated":true}]}}