{"id":49864,"date":"2025-03-07T17:26:08","date_gmt":"2025-03-07T16:26:08","guid":{"rendered":"https:\/\/eurotherm.eu\/eurotherm-global-industrie-lyon-2025\/"},"modified":"2026-02-17T12:51:25","modified_gmt":"2026-02-17T11:51:25","slug":"eurotherm-global-industrie-lyon-2025-2","status":"publish","type":"post","link":"https:\/\/eurotherm.eu\/fr\/eurotherm-global-industrie-lyon-2025-2\/","title":{"rendered":"Eurotherm @ Global Industrie Lyon"},"content":{"rendered":"<p>Du<strong>11 au 14 mars 2025<\/strong>, Eurotherm France sera pr\u00e9sent au <strong>salon <a href=\"https:\/\/www.global-industrie.com\/en\" target=\"_blank\" rel=\"noopener\">Global Industrie \u00e0 Lyon<\/a><\/strong>, l&rsquo;un des \u00e9v\u00e9nements les plus importants en Europe pour l&rsquo;industrie manufacturi\u00e8re et l&rsquo;innovation technologique.<\/p>\n<p>Si le salon Global Industrie est une occasion unique de d\u00e9couvrir les <strong>derni\u00e8res innovations de l&rsquo;industrie<\/strong> (cette ann\u00e9e, entre autres, l&rsquo;\u00e9v\u00e9nement introduira pour la premi\u00e8re fois un Sommet 5G, r\u00e9unissant des leaders d&rsquo;opinion, des experts et des d\u00e9cideurs politiques pour discuter des questions cl\u00e9s li\u00e9es \u00e0 la 5G industrielle), c&rsquo;est aussi un moment important pour parler du <strong>facteur humain en tant que moteur de l&rsquo;innovation et de la croissance<\/strong>.<\/p>\n<p>Dans ce contexte, notre participation avec <a href=\"https:\/\/www.industrie-systemes.fr\/\" target=\"_blank\" rel=\"noopener\"><br \/>\n  <strong>Industrie Systemes<\/strong><br \/>\n<\/a> et le groupe MBI, compl\u00e8te parfaitement le concept de partage des connaissances, des technologies, mais aussi la <strong>vision d&rsquo;une industrie de plus en plus efficace, durable et \u00e0 la pointe de la technologie<\/strong>.<\/p>\n<p>Sur notre stand r\u00e9nov\u00e9, vous aurez l&rsquo;occasion de.. :<\/p>\n<ul>\n<li>D\u00e9couvrir nos solutions pour l&rsquo;efficacit\u00e9 \u00e9nerg\u00e9tique des installations de rev\u00eatement industriel ;<\/li>\n<li>D\u00e9couvrir les technologies les plus avanc\u00e9es en mati\u00e8re de peinture et de traitement de surface ;<\/li>\n<li>Faire connaissance avec nos experts et discutez des besoins sp\u00e9cifiques de votre entreprise.<\/li>\n<\/ul>\n<p>Venez nous rendre visite !<\/p>\n<p><strong>O\u00f9<\/strong>: Eurexpo Lyon<br \/>\n<strong>Quand<\/strong>: 11-14 mars 2025<br \/>\n<strong>Stand<\/strong>: 4J168 Hall 4<\/p>\n<p><img loading=\"lazy\" decoding=\"async\" class=\"size-large wp-image-21728 aligncenter\" src=\"https:\/\/eurotherm.eu\/wp-content\/uploads\/2025\/03\/Global_Industrie_2025_01a_h-website-1030x644.jpg\" alt=\"Eurotherm\" width=\"1030\" height=\"644\" title=\"Eurotherm\" srcset=\"https:\/\/eurotherm.eu\/wp-content\/uploads\/2025\/03\/Global_Industrie_2025_01a_h-website-1030x644.jpg 1030w, https:\/\/eurotherm.eu\/wp-content\/uploads\/2025\/03\/Global_Industrie_2025_01a_h-website-300x188.jpg 300w, https:\/\/eurotherm.eu\/wp-content\/uploads\/2025\/03\/Global_Industrie_2025_01a_h-website-768x480.jpg 768w, https:\/\/eurotherm.eu\/wp-content\/uploads\/2025\/03\/Global_Industrie_2025_01a_h-website-1536x960.jpg 1536w, https:\/\/eurotherm.eu\/wp-content\/uploads\/2025\/03\/Global_Industrie_2025_01a_h-website-2048x1280.jpg 2048w, https:\/\/eurotherm.eu\/wp-content\/uploads\/2025\/03\/Global_Industrie_2025_01a_h-website-1500x938.jpg 1500w, https:\/\/eurotherm.eu\/wp-content\/uploads\/2025\/03\/Global_Industrie_2025_01a_h-website-705x441.jpg 705w\" sizes=\"auto, (max-width: 1030px) 100vw, 1030px\" \/><\/p>\n","protected":false},"excerpt":{"rendered":"<p>Du11 au 14 mars 2025, Eurotherm France sera pr\u00e9sent au salon Global Industrie \u00e0 Lyon, l&rsquo;un des \u00e9v\u00e9nements les plus importants en Europe pour l&rsquo;industrie manufacturi\u00e8re et l&rsquo;innovation technologique. Si le salon Global Industrie est une occasion unique de d\u00e9couvrir les derni\u00e8res innovations de l&rsquo;industrie (cette ann\u00e9e, entre autres, l&rsquo;\u00e9v\u00e9nement introduira pour la premi\u00e8re fois [&hellip;]<\/p>\n","protected":false},"author":5,"featured_media":52262,"comment_status":"open","ping_status":"open","sticky":false,"template":"","format":"standard","meta":{"_acf_changed":false,"footnotes":""},"categories":[208],"tags":[],"class_list":["post-49864","post","type-post","status-publish","format-standard","has-post-thumbnail","hentry","category-evenements"],"acf":[],"_links":{"self":[{"href":"https:\/\/eurotherm.eu\/fr\/wp-json\/wp\/v2\/posts\/49864","targetHints":{"allow":["GET"]}}],"collection":[{"href":"https:\/\/eurotherm.eu\/fr\/wp-json\/wp\/v2\/posts"}],"about":[{"href":"https:\/\/eurotherm.eu\/fr\/wp-json\/wp\/v2\/types\/post"}],"author":[{"embeddable":true,"href":"https:\/\/eurotherm.eu\/fr\/wp-json\/wp\/v2\/users\/5"}],"replies":[{"embeddable":true,"href":"https:\/\/eurotherm.eu\/fr\/wp-json\/wp\/v2\/comments?post=49864"}],"version-history":[{"count":4,"href":"https:\/\/eurotherm.eu\/fr\/wp-json\/wp\/v2\/posts\/49864\/revisions"}],"predecessor-version":[{"id":55295,"href":"https:\/\/eurotherm.eu\/fr\/wp-json\/wp\/v2\/posts\/49864\/revisions\/55295"}],"wp:featuredmedia":[{"embeddable":true,"href":"https:\/\/eurotherm.eu\/fr\/wp-json\/wp\/v2\/media\/52262"}],"wp:attachment":[{"href":"https:\/\/eurotherm.eu\/fr\/wp-json\/wp\/v2\/media?parent=49864"}],"wp:term":[{"taxonomy":"category","embeddable":true,"href":"https:\/\/eurotherm.eu\/fr\/wp-json\/wp\/v2\/categories?post=49864"},{"taxonomy":"post_tag","embeddable":true,"href":"https:\/\/eurotherm.eu\/fr\/wp-json\/wp\/v2\/tags?post=49864"}],"curies":[{"name":"wp","href":"https:\/\/api.w.org\/{rel}","templated":true}]}}