{"id":49856,"date":"2025-01-17T15:55:40","date_gmt":"2025-01-17T14:55:40","guid":{"rendered":"https:\/\/eurotherm.eu\/eurotherm-paris-packaging-week-2025\/"},"modified":"2026-02-17T14:21:32","modified_gmt":"2026-02-17T13:21:32","slug":"eurotherm-paris-packaging-week-2025","status":"publish","type":"post","link":"https:\/\/eurotherm.eu\/fr\/eurotherm-paris-packaging-week-2025\/","title":{"rendered":"Eurotherm \u00e0 la @Paris Packaging Week 2025"},"content":{"rendered":"<p><br \/>\nLe rendez-vous est fix\u00e9 les <strong>28 et 29 janvier 2025<\/strong> \u00e0 <strong>Paris Expo Porte de Versailles<\/strong>: c&rsquo;est l\u00e0 que se d\u00e9roulera la <strong>Paris Packaging Week<\/strong>, l&rsquo;un des plus importants \u00e9v\u00e9nements internationaux enti\u00e8rement d\u00e9di\u00e9 au secteur de l&#8217;emballage, au cours duquel <strong>Eurotherm France<\/strong> sera au premier plan.<\/p>\n<p>La Paris Packaging Week est le point de rencontre de l&rsquo;industrie de l&#8217;emballage, un lieu o\u00f9 le design, l&rsquo;innovation et la durabilit\u00e9 convergent pour d\u00e9finir l&rsquo;avenir de l&#8217;emballage des produits. Un lieu qui se pr\u00e9sente comme une plateforme d&rsquo;\u00e9change d&rsquo;id\u00e9es que nous ne pouvions pas manquer.<\/p>\n<p>Au cours du salon, nous pr\u00e9senterons des solutions innovantes d\u00e9di\u00e9es au secteur de l&#8217;emballage, en mettant l&rsquo;accent sur l&rsquo;<strong>efficacit\u00e9, l&rsquo;automatisation, la durabilit\u00e9 et la personnalisation<\/strong>. Alors que les technologies avanc\u00e9es permettent d&rsquo;optimiser les processus de production et de r\u00e9duire les co\u00fbts, les syst\u00e8mes sur mesure d&rsquo;Eurotherm peuvent \u00eatre adapt\u00e9s aux besoins sp\u00e9cifiques de chaque client, garantissant ainsi la qualit\u00e9 de chaque \u00e9tape du rev\u00eatement.<\/p>\n<p>Vous pouvez nous trouver ici : <strong>Stand D180 <\/strong><\/p>\n<p><\/p>\n<div class=\"swiper-gallery-dida\">\n<div class=\"swiper-wrapper\"><\/div>\n<\/div>\n","protected":false},"excerpt":{"rendered":"<p>Le rendez-vous est fix\u00e9 les 28 et 29 janvier 2025 \u00e0 Paris Expo Porte de Versailles: c&rsquo;est l\u00e0 que se d\u00e9roulera la Paris Packaging Week, l&rsquo;un des plus importants \u00e9v\u00e9nements internationaux enti\u00e8rement d\u00e9di\u00e9 au secteur de l&#8217;emballage, au cours duquel Eurotherm France sera au premier plan. La Paris Packaging Week est le point de rencontre [&hellip;]<\/p>\n","protected":false},"author":5,"featured_media":52169,"comment_status":"open","ping_status":"open","sticky":false,"template":"","format":"standard","meta":{"_acf_changed":false,"footnotes":""},"categories":[208],"tags":[],"class_list":["post-49856","post","type-post","status-publish","format-standard","has-post-thumbnail","hentry","category-evenements"],"acf":[],"_links":{"self":[{"href":"https:\/\/eurotherm.eu\/fr\/wp-json\/wp\/v2\/posts\/49856","targetHints":{"allow":["GET"]}}],"collection":[{"href":"https:\/\/eurotherm.eu\/fr\/wp-json\/wp\/v2\/posts"}],"about":[{"href":"https:\/\/eurotherm.eu\/fr\/wp-json\/wp\/v2\/types\/post"}],"author":[{"embeddable":true,"href":"https:\/\/eurotherm.eu\/fr\/wp-json\/wp\/v2\/users\/5"}],"replies":[{"embeddable":true,"href":"https:\/\/eurotherm.eu\/fr\/wp-json\/wp\/v2\/comments?post=49856"}],"version-history":[{"count":4,"href":"https:\/\/eurotherm.eu\/fr\/wp-json\/wp\/v2\/posts\/49856\/revisions"}],"predecessor-version":[{"id":58696,"href":"https:\/\/eurotherm.eu\/fr\/wp-json\/wp\/v2\/posts\/49856\/revisions\/58696"}],"wp:featuredmedia":[{"embeddable":true,"href":"https:\/\/eurotherm.eu\/fr\/wp-json\/wp\/v2\/media\/52169"}],"wp:attachment":[{"href":"https:\/\/eurotherm.eu\/fr\/wp-json\/wp\/v2\/media?parent=49856"}],"wp:term":[{"taxonomy":"category","embeddable":true,"href":"https:\/\/eurotherm.eu\/fr\/wp-json\/wp\/v2\/categories?post=49856"},{"taxonomy":"post_tag","embeddable":true,"href":"https:\/\/eurotherm.eu\/fr\/wp-json\/wp\/v2\/tags?post=49856"}],"curies":[{"name":"wp","href":"https:\/\/api.w.org\/{rel}","templated":true}]}}