{"id":49832,"date":"2024-03-12T07:06:37","date_gmt":"2024-03-12T06:06:37","guid":{"rendered":"https:\/\/eurotherm.eu\/eurotherm-france-global-industrie-paris-2024\/"},"modified":"2025-06-03T17:56:27","modified_gmt":"2025-06-03T15:56:27","slug":"eurotherm-france-global-industrie-paris-2024","status":"publish","type":"post","link":"https:\/\/eurotherm.eu\/fr\/eurotherm-france-global-industrie-paris-2024\/","title":{"rendered":"Eurotherm France @ Global Industrie Paris 2024"},"content":{"rendered":"<p>Du 25 au 28 mars, Eurotherm France sera pr\u00e9sent au salon <a href=\"https:\/\/www.global-industrie.com\/en\/home\" target=\"_blank\" rel=\"noopener\">Global Industrie Paris 2024<\/a>. Le salon, organis\u00e9 \u00e0 Paris Nord Villepinte, repr\u00e9sente une vitrine importante pour les entreprises du monde entier non seulement pour pr\u00e9senter leurs solutions, mais aussi pour parler de <strong>r\u00e9industrialisation<\/strong>.<\/p>\n<p>En effet, Global Industrie est n\u00e9 sous le signe de la fiert\u00e9 des op\u00e9rateurs du secteur pour souligner \u00e0 quel point l&rsquo;industrie est un pr\u00e9sent essentiel dans le quotidien des gens, mais aussi de ce que nous pouvons faire ensemble pour l&rsquo;<strong>industrie de demain<\/strong>.<\/p>\n<p>Ce n&rsquo;est pas un hasard si l&rsquo;\u00e9v\u00e9nement est <strong>parrain\u00e9 par Emmanuel Macron, <\/strong>\u00a0preuve des mesures institutionnelles adopt\u00e9es en faveur du secteur. Le ministre d\u00e9l\u00e9gu\u00e9 charg\u00e9 de l&rsquo;Industrie sera \u00e9galement pr\u00e9sent.<\/p>\n<p>Les th\u00e8mes de cette \u00e9dition seront la transition \u00e9cologique, l&rsquo;attractivit\u00e9 de la fili\u00e8re, la relocalisation territoriale, l&rsquo;\u00e9conomie circulaire, mais aussi la responsabilit\u00e9 soci\u00e9tale, le financement et l&rsquo;industrie 5.0.<\/p>\n<p>Rendez-vous ici : Paris Nord Villepinte, France, <strong>Hall 6, Stand 6P25<\/strong><\/p>\n<p><img loading=\"lazy\" decoding=\"async\" class=\"alignnone size-large wp-image-19817\" src=\"https:\/\/eurotherm.eu\/wp-content\/uploads\/2024\/02\/Global-Industrie-2024_01a_v-824x1030.jpg\" alt=\"Eurotherm\" width=\"824\" height=\"1030\" title=\"Eurotherm\" srcset=\"https:\/\/eurotherm.eu\/wp-content\/uploads\/2024\/02\/Global-Industrie-2024_01a_v-824x1030.jpg 824w, https:\/\/eurotherm.eu\/wp-content\/uploads\/2024\/02\/Global-Industrie-2024_01a_v-240x300.jpg 240w, https:\/\/eurotherm.eu\/wp-content\/uploads\/2024\/02\/Global-Industrie-2024_01a_v-768x960.jpg 768w, https:\/\/eurotherm.eu\/wp-content\/uploads\/2024\/02\/Global-Industrie-2024_01a_v-564x705.jpg 564w, https:\/\/eurotherm.eu\/wp-content\/uploads\/2024\/02\/Global-Industrie-2024_01a_v.jpg 1080w\" sizes=\"auto, (max-width: 824px) 100vw, 824px\" \/><\/p>\n","protected":false},"excerpt":{"rendered":"<p>Du 25 au 28 mars, Eurotherm France sera pr\u00e9sent au salon Global Industrie Paris 2024. Le salon, organis\u00e9 \u00e0 Paris Nord Villepinte, repr\u00e9sente une vitrine importante pour les entreprises du monde entier non seulement pour pr\u00e9senter leurs solutions, mais aussi pour parler de r\u00e9industrialisation. En effet, Global Industrie est n\u00e9 sous le signe de la [&hellip;]<\/p>\n","protected":false},"author":5,"featured_media":32483,"comment_status":"open","ping_status":"open","sticky":false,"template":"","format":"standard","meta":{"_acf_changed":false,"footnotes":""},"categories":[208],"tags":[],"class_list":["post-49832","post","type-post","status-publish","format-standard","has-post-thumbnail","hentry","category-evenements"],"acf":[],"_links":{"self":[{"href":"https:\/\/eurotherm.eu\/fr\/wp-json\/wp\/v2\/posts\/49832","targetHints":{"allow":["GET"]}}],"collection":[{"href":"https:\/\/eurotherm.eu\/fr\/wp-json\/wp\/v2\/posts"}],"about":[{"href":"https:\/\/eurotherm.eu\/fr\/wp-json\/wp\/v2\/types\/post"}],"author":[{"embeddable":true,"href":"https:\/\/eurotherm.eu\/fr\/wp-json\/wp\/v2\/users\/5"}],"replies":[{"embeddable":true,"href":"https:\/\/eurotherm.eu\/fr\/wp-json\/wp\/v2\/comments?post=49832"}],"version-history":[{"count":1,"href":"https:\/\/eurotherm.eu\/fr\/wp-json\/wp\/v2\/posts\/49832\/revisions"}],"predecessor-version":[{"id":49833,"href":"https:\/\/eurotherm.eu\/fr\/wp-json\/wp\/v2\/posts\/49832\/revisions\/49833"}],"wp:featuredmedia":[{"embeddable":true,"href":"https:\/\/eurotherm.eu\/fr\/wp-json\/wp\/v2\/media\/32483"}],"wp:attachment":[{"href":"https:\/\/eurotherm.eu\/fr\/wp-json\/wp\/v2\/media?parent=49832"}],"wp:term":[{"taxonomy":"category","embeddable":true,"href":"https:\/\/eurotherm.eu\/fr\/wp-json\/wp\/v2\/categories?post=49832"},{"taxonomy":"post_tag","embeddable":true,"href":"https:\/\/eurotherm.eu\/fr\/wp-json\/wp\/v2\/tags?post=49832"}],"curies":[{"name":"wp","href":"https:\/\/api.w.org\/{rel}","templated":true}]}}