{"id":49822,"date":"2024-02-27T07:00:02","date_gmt":"2024-02-27T06:00:02","guid":{"rendered":"https:\/\/eurotherm.eu\/eurotherm-benelux-esef-maakindustrie-2024\/"},"modified":"2025-06-20T10:56:15","modified_gmt":"2025-06-20T08:56:15","slug":"eurotherm-benelux-esef-maakindustrie-2024","status":"publish","type":"post","link":"https:\/\/eurotherm.eu\/fr\/eurotherm-benelux-esef-maakindustrie-2024\/","title":{"rendered":"Eurotherm Benelux @ ESEF Maakindustrie 2024"},"content":{"rendered":"<p>Eurotherm Benelux sera pr\u00e9sent \u00e0 l&rsquo;<a href=\"https:\/\/event.maakindustrie.nl\/\" target=\"_blank\" rel=\"noopener\"><u>ESEF Maakindustrie<\/u><\/a>, le salon leader des solutions innovantes, durables et performantes pour la production industrielle. C&rsquo;est le <strong>plus grand et le plus important \u00e9venement du Benelux <\/strong>dans le domaine de l&rsquo;approvisionnement, du d\u00e9veloppement de produits et de l&rsquo;ing\u00e9nierie et bien s\u00fbr, nous ne pouvions pas le manquer.<\/p>\n<p>Pour rendre l&rsquo;\u00e9v\u00e9nement encore plus int\u00e9ressant, le th\u00e8me de cette ann\u00e9e met l&rsquo;accent sur\u00a0 les <strong>questions que se posent toutes les entreprises de notre secteur<\/strong> : comment g\u00e9rer au mieux la num\u00e9risation et la robotisation ? Quel r\u00f4le joue le d\u00e9veloppement durable dans notre secteur ? Comment r\u00e9agir efficacement \u00e0 l&rsquo;\u00e9volution du march\u00e9 du travail ?<\/p>\n<p>L&rsquo;\u00e9v\u00e9nement met en lumi\u00e8re le fait que l&rsquo;industrie manufacturi\u00e8re, souvent pass\u00e9e \u00e0 la loupe et point\u00e9e du doigt par la politique internationale, est au contraire un secteur dont on peut \u00eatre fier : c&rsquo;est ici que l&rsquo;on parle le langage du d\u00e9veloppement, de la cr\u00e9ation et de l&rsquo;innovation, mais c&rsquo;est aussi <strong>la r\u00e9alit\u00e9 de l&#8217;emploi et de la stabilit\u00e9 \u00e9conomique<\/strong>.<\/p>\n<p>Il sera stimulant de discuter ensemble des th\u00e8mes concernant le march\u00e9 du travail, la num\u00e9risation, la durabilit\u00e9 et l&rsquo;innovation dans le cadre d&rsquo;un \u00e9v\u00e9nement qui promet d\u00e9j\u00e0 d&rsquo;\u00eatre un succ\u00e8s.<\/p>\n<p>Rendez-vous \u00e0 Jaarbeus, Utrecht, du 12 au 15 mars, vous pourrez nous trouver sur le <strong>stand 03.C095<\/strong><\/p>\n<p><img loading=\"lazy\" decoding=\"async\" class=\"alignnone size-large wp-image-19833\" src=\"https:\/\/eurotherm.eu\/wp-content\/uploads\/2024\/02\/ESEF-2024_01a_v-824x1030.jpg\" alt=\"Eurotherm\" width=\"824\" height=\"1030\" title=\"Eurotherm\" srcset=\"https:\/\/eurotherm.eu\/wp-content\/uploads\/2024\/02\/ESEF-2024_01a_v-824x1030.jpg 824w, https:\/\/eurotherm.eu\/wp-content\/uploads\/2024\/02\/ESEF-2024_01a_v-240x300.jpg 240w, https:\/\/eurotherm.eu\/wp-content\/uploads\/2024\/02\/ESEF-2024_01a_v-768x960.jpg 768w, https:\/\/eurotherm.eu\/wp-content\/uploads\/2024\/02\/ESEF-2024_01a_v-564x705.jpg 564w, https:\/\/eurotherm.eu\/wp-content\/uploads\/2024\/02\/ESEF-2024_01a_v.jpg 1080w\" sizes=\"auto, (max-width: 824px) 100vw, 824px\" \/><\/p>\n","protected":false},"excerpt":{"rendered":"<p>Eurotherm Benelux sera pr\u00e9sent \u00e0 l&rsquo;ESEF Maakindustrie, le salon leader des solutions innovantes, durables et performantes pour la production industrielle. C&rsquo;est le plus grand et le plus important \u00e9venement du Benelux dans le domaine de l&rsquo;approvisionnement, du d\u00e9veloppement de produits et de l&rsquo;ing\u00e9nierie et bien s\u00fbr, nous ne pouvions pas le manquer. Pour rendre l&rsquo;\u00e9v\u00e9nement [&hellip;]<\/p>\n","protected":false},"author":5,"featured_media":52184,"comment_status":"open","ping_status":"open","sticky":false,"template":"","format":"standard","meta":{"_acf_changed":false,"footnotes":""},"categories":[208],"tags":[],"class_list":["post-49822","post","type-post","status-publish","format-standard","has-post-thumbnail","hentry","category-evenements"],"acf":[],"_links":{"self":[{"href":"https:\/\/eurotherm.eu\/fr\/wp-json\/wp\/v2\/posts\/49822","targetHints":{"allow":["GET"]}}],"collection":[{"href":"https:\/\/eurotherm.eu\/fr\/wp-json\/wp\/v2\/posts"}],"about":[{"href":"https:\/\/eurotherm.eu\/fr\/wp-json\/wp\/v2\/types\/post"}],"author":[{"embeddable":true,"href":"https:\/\/eurotherm.eu\/fr\/wp-json\/wp\/v2\/users\/5"}],"replies":[{"embeddable":true,"href":"https:\/\/eurotherm.eu\/fr\/wp-json\/wp\/v2\/comments?post=49822"}],"version-history":[{"count":2,"href":"https:\/\/eurotherm.eu\/fr\/wp-json\/wp\/v2\/posts\/49822\/revisions"}],"predecessor-version":[{"id":52282,"href":"https:\/\/eurotherm.eu\/fr\/wp-json\/wp\/v2\/posts\/49822\/revisions\/52282"}],"wp:featuredmedia":[{"embeddable":true,"href":"https:\/\/eurotherm.eu\/fr\/wp-json\/wp\/v2\/media\/52184"}],"wp:attachment":[{"href":"https:\/\/eurotherm.eu\/fr\/wp-json\/wp\/v2\/media?parent=49822"}],"wp:term":[{"taxonomy":"category","embeddable":true,"href":"https:\/\/eurotherm.eu\/fr\/wp-json\/wp\/v2\/categories?post=49822"},{"taxonomy":"post_tag","embeddable":true,"href":"https:\/\/eurotherm.eu\/fr\/wp-json\/wp\/v2\/tags?post=49822"}],"curies":[{"name":"wp","href":"https:\/\/api.w.org\/{rel}","templated":true}]}}