{"id":49814,"date":"2024-01-24T11:10:15","date_gmt":"2024-01-24T10:10:15","guid":{"rendered":"https:\/\/eurotherm.eu\/turin-get-technical-2023\/"},"modified":"2025-06-20T10:59:07","modified_gmt":"2025-06-20T08:59:07","slug":"turin-get-technical-2023","status":"publish","type":"post","link":"https:\/\/eurotherm.eu\/fr\/turin-get-technical-2023\/","title":{"rendered":"L&rsquo;avenir \u00e9tait \u00e0 Turin : GET TECHNICAL 2023"},"content":{"rendered":"<p><br \/>\nIl y a une phrase qui r\u00e9sonne dans l&rsquo;air : \u00a0\u00bb <strong>le futur, c&rsquo;est nous<\/strong> \u00ab\u00a0. Et c&rsquo;est exactement ce que nous avons pu voir lors de l&rsquo;\u00e9v\u00e9nement GET TECHNICAL 2023 de la Sppot, avec Color Trend Days et Eurobike, qui s&rsquo;est d\u00e9roul\u00e9 fin novembre \u00e0 Turin, dans notre si\u00e8ge de Volpiano.<\/p>\n<p>Bien s\u00fbr, l&rsquo;organisation de l&rsquo;\u00e9v\u00e9nement n&rsquo;a pas \u00e9t\u00e9 simple : \u00ab\u00a0difficile, parfois m\u00eame fou\u00a0\u00bb, d\u00e9clare <strong>Darren Bond, directeur des ventes \u00e0 l&rsquo;\u00e9tranger<\/strong>, qui s&rsquo;est personnellement occup\u00e9 de nombreux aspects de l&rsquo;organisation, mais les r\u00e9actions que nous avons re\u00e7ues des participants r\u00e9compensent tout ce dur labeur.<br \/>\n<\/p>\n<p>[av_video src=&rsquo;https:\/\/www.youtube.com\/watch?v=lT8FDa6uoBA&rsquo; mobile_image=\u00a0\u00bb attachment=\u00a0\u00bb attachment_size=\u00a0\u00bb format=&rsquo;16-9&prime; width=&rsquo;16&rsquo; height=&rsquo;9&prime; conditional_play=\u00a0\u00bb id=\u00a0\u00bb custom_class=\u00a0\u00bb template_class=\u00a0\u00bb av_uid=&rsquo;av-lrrooa53&prime; sc_version=&rsquo;1.0&prime;]<\/p>\n<p><\/p>\n<h2>Le meilleur GET TECHNICAL jamais r\u00e9alis\u00e9<\/h2>\n<p>Ce n&rsquo;est pas une co\u00efncidence si cet \u00e9v\u00e9nement a \u00e9t\u00e9 d\u00e9crit par beaucoup comme \u00ab\u00a0<strong>le meilleur \u00e9v\u00e9nement GET TECHNICAL jamais organis\u00e9<\/strong>\u00ab\u00a0, mais si cela a \u00e9t\u00e9 possible, le m\u00e9rite ne nous en revient pas seulement, bien au contraire.<\/p>\n<p>En fait, trois circonstances ont permis d&rsquo;atteindre ce r\u00e9sultat :<\/p>\n<h3>L&rsquo;envers du d\u00e9cor de la finition industrielle<\/h3>\n<p>En tant qu&rsquo;entreprise, nous sommes constamment \u00e0 la recherche de nouvelles technologies et appliquons de nouvelles m\u00e9thodes pour optimiser nos processus de travail. C&rsquo;est une mesure de la qualit\u00e9 de notre travail, mais une chose qui est souvent n\u00e9glig\u00e9e est la n\u00e9cessit\u00e9 de <strong>regarder au-del\u00e0 de notre propre travail<\/strong>.<\/p>\n<p><em>Une excellente finition ne peut rien sans une peinture tout aussi excellente, n&rsquo;est-ce pas ? Ainsi, le fait de pouvoir <strong>s&rsquo;engager avec des partenaires dont l&rsquo;excellence est l&rsquo;une des priorit\u00e9s<\/strong> s&rsquo;av\u00e8re \u00eatre une exp\u00e9rience enrichissante, ouvrant de nouveaux sc\u00e9narios non seulement en termes de collaboration, mais aussi en termes d&rsquo;ouverture d&rsquo;esprit.<\/em><\/p>\n<h3>La participation d&rsquo;entreprises de qualit\u00e9<\/h3>\n<p><u>Le Sppot <\/u>est une plate-forme unique offrant des solutions de pointe pour la finition industrielle des bicyclettes et des articles de sport, un partenariat d&rsquo;entreprises de classe mondiale r\u00e9unies sous le signe de l&rsquo;excellence : TIGER Coatings, Berlac AG, WAGNER, Posterama, Lesta et Dutoo Care and Repair System sont quelques-unes des entreprises qui ont particip\u00e9 \u00e0 l&rsquo;\u00e9v\u00e9nement avec leur professionnalisme absolu.<br \/>\n<\/p>\n<div class=\"swiper-gallery-dida\">\n<div class=\"swiper-wrapper\">\n<div class=\"swiper-slide\">\n<div class=\"respimg-cont\"><img decoding=\"async\" loading=\"lazy\" src=\"https:\/\/eurotherm.eu\/wp-content\/uploads\/2024\/01\/40bd1028-838c-45f4-87ec-b662ad91ed83-773x1030.jpg\" alt=\"Eurotherm\" title=\"Eurotherm\"><\/div>\n<\/div>\n<div class=\"swiper-slide\">\n<div class=\"respimg-cont\"><img decoding=\"async\" loading=\"lazy\" src=\"https:\/\/eurotherm.eu\/wp-content\/uploads\/2024\/01\/a9debf0d-be0d-42ce-a18a-b48789923dd1-1030x773.jpg\" alt=\"Eurotherm\" title=\"Eurotherm\"><\/div>\n<\/div>\n<\/div>\n<\/div>\n<p><\/p>\n<h2>La possibilit\u00e9 de voir le c\u00f4t\u00e9 pratique<\/h2>\n<p>S&rsquo;il y a une chose qui manque souvent dans ce genre d&rsquo;\u00e9v\u00e9nements, c&rsquo;est bien l&rsquo;aspect pratique. Nous parlons, nous discutons, nous essayons de faire comprendre \u00e0 l&rsquo;aide de diapositives ou de power points, mais nous ne touchons presque jamais \u00e0 la pratique.<\/p>\n<p>C&rsquo;est <strong>pourquoi GET TECHNICAL 2023 \u00e9tait diff\u00e9rent<\/strong>, et l&rsquo;installation de <strong>d\u00e9monstration<\/strong> que nous avons \u00e9quip\u00e9e de cabines de peinture en poudre et liquide dot\u00e9es de robots Lesta et de pistolets \u00e0 peinture WAGNER a permis \u00e0 tous les participants de voir l&rsquo;application pratique du processus de finition d&rsquo;un cadre de bicyclette, mais aussi de trouver des solutions \u00e0 certains des probl\u00e8mes les plus courants dans ce processus.<br \/>\n<\/p>\n<p><\/p>\n<h2>Le mus\u00e9e \u00e9gyptien de Turin : la conclusion parfaite d&rsquo;un \u00e9v\u00e9nement unique<\/h2>\n<p>Et si l&rsquo;avenir \u00e9tait \u00e0 Turin, quel lieu pouvait symboliquement incarner cette triple vision ? <strong>Le d\u00eener au Mus\u00e9e \u00e9gyptien, l&rsquo;un des lieux les plus \u00e9vocateurs au monde, est venu clore cet \u00e9v\u00e9nement<\/strong> : le pass\u00e9 dont on s&rsquo;inspire, le pr\u00e9sent des relations nou\u00e9es au cours de ces journ\u00e9es, et le futur de tout ce qui peut r\u00e9sulter de GET TECHNICAL 2023.<\/p>\n<p>C&rsquo;est au milieu de ces \u0153uvres incroyables, de ces atmosph\u00e8res \u00e9vocatrices, avec ces partenaires tourn\u00e9s vers l&rsquo;avenir que nous pouvons vraiment dire : <strong><em>the future is here, the future is us.<\/em><\/strong><br \/>\n<\/p>\n<div class=\"respimg-cont\"><img decoding=\"async\" loading=\"lazy\" src=\"https:\/\/eurotherm.eu\/wp-content\/uploads\/2024\/01\/Foto-di-gruppo-Museo-Egizio-1030x687.jpg\" alt=\"Eurotherm\" title=\"Eurotherm\"><\/div>\n","protected":false},"excerpt":{"rendered":"<p>Il y a une phrase qui r\u00e9sonne dans l&rsquo;air : \u00a0\u00bb le futur, c&rsquo;est nous \u00ab\u00a0. Et c&rsquo;est exactement ce que nous avons pu voir lors de l&rsquo;\u00e9v\u00e9nement GET TECHNICAL 2023 de la Sppot, avec Color Trend Days et Eurobike, qui s&rsquo;est d\u00e9roul\u00e9 fin novembre \u00e0 Turin, dans notre si\u00e8ge de Volpiano. Bien s\u00fbr, l&rsquo;organisation [&hellip;]<\/p>\n","protected":false},"author":5,"featured_media":52189,"comment_status":"open","ping_status":"open","sticky":false,"template":"","format":"standard","meta":{"_acf_changed":false,"footnotes":""},"categories":[208],"tags":[],"class_list":["post-49814","post","type-post","status-publish","format-standard","has-post-thumbnail","hentry","category-evenements"],"acf":[],"_links":{"self":[{"href":"https:\/\/eurotherm.eu\/fr\/wp-json\/wp\/v2\/posts\/49814","targetHints":{"allow":["GET"]}}],"collection":[{"href":"https:\/\/eurotherm.eu\/fr\/wp-json\/wp\/v2\/posts"}],"about":[{"href":"https:\/\/eurotherm.eu\/fr\/wp-json\/wp\/v2\/types\/post"}],"author":[{"embeddable":true,"href":"https:\/\/eurotherm.eu\/fr\/wp-json\/wp\/v2\/users\/5"}],"replies":[{"embeddable":true,"href":"https:\/\/eurotherm.eu\/fr\/wp-json\/wp\/v2\/comments?post=49814"}],"version-history":[{"count":2,"href":"https:\/\/eurotherm.eu\/fr\/wp-json\/wp\/v2\/posts\/49814\/revisions"}],"predecessor-version":[{"id":52288,"href":"https:\/\/eurotherm.eu\/fr\/wp-json\/wp\/v2\/posts\/49814\/revisions\/52288"}],"wp:featuredmedia":[{"embeddable":true,"href":"https:\/\/eurotherm.eu\/fr\/wp-json\/wp\/v2\/media\/52189"}],"wp:attachment":[{"href":"https:\/\/eurotherm.eu\/fr\/wp-json\/wp\/v2\/media?parent=49814"}],"wp:term":[{"taxonomy":"category","embeddable":true,"href":"https:\/\/eurotherm.eu\/fr\/wp-json\/wp\/v2\/categories?post=49814"},{"taxonomy":"post_tag","embeddable":true,"href":"https:\/\/eurotherm.eu\/fr\/wp-json\/wp\/v2\/tags?post=49814"}],"curies":[{"name":"wp","href":"https:\/\/api.w.org\/{rel}","templated":true}]}}