{"id":49798,"date":"2023-10-19T14:31:53","date_gmt":"2023-10-19T12:31:53","guid":{"rendered":"https:\/\/eurotherm.eu\/eurotherm-pe-milano-coating-days-2023\/"},"modified":"2025-06-20T11:01:49","modified_gmt":"2025-06-20T09:01:49","slug":"eurotherm-pe-milano-coating-days-2023","status":"publish","type":"post","link":"https:\/\/eurotherm.eu\/fr\/eurotherm-pe-milano-coating-days-2023\/","title":{"rendered":"Eurotherm @ P&#038;E Milano Coating Days 2023"},"content":{"rendered":"<p><br \/>\nDu 25 au 26 octobre, nous serons pr\u00e9sents aux\u00a0<strong>P&amp;E Milano Coating Days\u00a0<\/strong>pour participer \u00e0 un \u00e9v\u00e9nement unique en son genre qui offre un aper\u00e7u complet de l&rsquo;innovation technologique dans le domaine des traitements de surface.<\/p>\n<p><strong>L&rsquo;innovation,\u00a0l&rsquo;excellence technologique\u00a0et\u00a0les \u00e9volutions respectueuses de\u00a0l&rsquo;environnement<\/strong> font partie des points forts qui seront abord\u00e9s lors des P&amp;E Milano Coating Days et, pour ces raisons-l\u00e0, nous ne pouvions pas manquer d&rsquo;\u00eatre en premi\u00e8re ligne.<br \/>\n<\/p>\n<p><\/p>\n<h2>P&amp;E Milano Coating Days<\/h2>\n<p>L&rsquo;\u00e9v\u00e9nement annuel P&amp;E Milano Coating Days est\u00a0<strong>une occasion \u00e0 ne pas manquer pour partager nos connaissances<\/strong>\u00a0et pour rencontrer les derni\u00e8res innovations, tendances et futurs d\u00e9veloppements du monde de la finition industrielle.<\/p>\n<p>L&#8217;emplacement exclusif situ\u00e9 au sein m\u00eame <strong>du\u00a0Mus\u00e9e National des Sciences et de la Technologie de Milan \u00ab\u00a0Leonardo da Vinci\u00a0\u00bb<\/strong>\u00a0 refl\u00e8te parfaitement l&rsquo;objectif de l&rsquo;\u00e9v\u00e9nement\u00a0: l&rsquo;innovation technologique n&rsquo;est jamais seule, mais n\u00e9cessite les plus grandes connaissances pour \u00eatre correctement appliqu\u00e9e.<\/p>\n<p>Des rev\u00eatements industriels de plus en plus performants, mais aussi <strong>la durabilit\u00e9, l&rsquo;analyse des\u00a0limites des nouvelles technologies, la\u00a0digitalisation, les\u00a0tendances, l&rsquo;\u00e9tude de sc\u00e9narios d&rsquo;avenir et les\u00a0espaces de mise en r\u00e9seau<\/strong>\u00a0pour cr\u00e9er ensemble le futur de l&rsquo;innovation dans le domaine\u00a0de\u00a0la finition industrielle.<\/p>\n<p>Dans le cadre de l&rsquo;\u00e9v\u00e9nement, se tiendra \u00e9galement <strong>la\u00a0Conf\u00e9rence nationale sur les nanotechnologies de pr\u00e9traitemen<\/strong>t\u00a0o\u00f9, gr\u00e2ce \u00e0 la collaboration avec certains professeurs universitaires, les produits nanotechnologiques capables de r\u00e9sister \u00e0 la corrosion, d&rsquo;am\u00e9liorer l&rsquo;adh\u00e9rence de la peinture et de r\u00e9duire l&rsquo;impact environnemental, gr\u00e2ce \u00e0 l&rsquo;absence de m\u00e9taux lourds, seront mis en \u00e9vidence.<br \/>\n<\/p>\n<p><\/p>\n<h2>Fours hybrides et \u00e9conomies d&rsquo;\u00e9nergie : le discours de Paolo Ghiazza<\/h2>\n<p>Face \u00e0 la n\u00e9cessit\u00e9 de plus en plus pressante d&rsquo;agir pour \u00e9conomiser l&rsquo;\u00e9nergie, le\u00a0<strong>mercredi 25\/10 \u00e0 13h50, Paolo Ghiazza<\/strong> interviendra sur le th\u00e8me des\u00a0fours hybrides, pr\u00e9sentant ainsi les innovations technologiques que nous avons mises en place et qui bouleversent ce secteur.<\/p>\n<p>On se voit \u00e0 Milan ?<br \/>\n<\/p>\n<div class=\"respimg-cont\"><img decoding=\"async\" loading=\"lazy\" src=\"https:\/\/eurotherm.eu\/wp-content\/uploads\/2023\/10\/banner_300x250_2023.jpg\" alt=\"Eurotherm\" title=\"Eurotherm\"><\/div>\n","protected":false},"excerpt":{"rendered":"<p>Du 25 au 26 octobre, nous serons pr\u00e9sents aux\u00a0P&amp;E Milano Coating Days\u00a0pour participer \u00e0 un \u00e9v\u00e9nement unique en son genre qui offre un aper\u00e7u complet de l&rsquo;innovation technologique dans le domaine des traitements de surface. L&rsquo;innovation,\u00a0l&rsquo;excellence technologique\u00a0et\u00a0les \u00e9volutions respectueuses de\u00a0l&rsquo;environnement font partie des points forts qui seront abord\u00e9s lors des P&amp;E Milano Coating Days et, [&hellip;]<\/p>\n","protected":false},"author":5,"featured_media":52199,"comment_status":"open","ping_status":"open","sticky":false,"template":"","format":"standard","meta":{"_acf_changed":false,"footnotes":""},"categories":[208],"tags":[],"class_list":["post-49798","post","type-post","status-publish","format-standard","has-post-thumbnail","hentry","category-evenements"],"acf":[],"_links":{"self":[{"href":"https:\/\/eurotherm.eu\/fr\/wp-json\/wp\/v2\/posts\/49798","targetHints":{"allow":["GET"]}}],"collection":[{"href":"https:\/\/eurotherm.eu\/fr\/wp-json\/wp\/v2\/posts"}],"about":[{"href":"https:\/\/eurotherm.eu\/fr\/wp-json\/wp\/v2\/types\/post"}],"author":[{"embeddable":true,"href":"https:\/\/eurotherm.eu\/fr\/wp-json\/wp\/v2\/users\/5"}],"replies":[{"embeddable":true,"href":"https:\/\/eurotherm.eu\/fr\/wp-json\/wp\/v2\/comments?post=49798"}],"version-history":[{"count":2,"href":"https:\/\/eurotherm.eu\/fr\/wp-json\/wp\/v2\/posts\/49798\/revisions"}],"predecessor-version":[{"id":52297,"href":"https:\/\/eurotherm.eu\/fr\/wp-json\/wp\/v2\/posts\/49798\/revisions\/52297"}],"wp:featuredmedia":[{"embeddable":true,"href":"https:\/\/eurotherm.eu\/fr\/wp-json\/wp\/v2\/media\/52199"}],"wp:attachment":[{"href":"https:\/\/eurotherm.eu\/fr\/wp-json\/wp\/v2\/media?parent=49798"}],"wp:term":[{"taxonomy":"category","embeddable":true,"href":"https:\/\/eurotherm.eu\/fr\/wp-json\/wp\/v2\/categories?post=49798"},{"taxonomy":"post_tag","embeddable":true,"href":"https:\/\/eurotherm.eu\/fr\/wp-json\/wp\/v2\/tags?post=49798"}],"curies":[{"name":"wp","href":"https:\/\/api.w.org\/{rel}","templated":true}]}}