{"id":49782,"date":"2023-05-24T08:13:33","date_gmt":"2023-05-24T06:13:33","guid":{"rendered":"https:\/\/eurotherm.eu\/eurotherm-eurobike-2023\/"},"modified":"2025-06-20T11:04:27","modified_gmt":"2025-06-20T09:04:27","slug":"eurotherm-eurobike-2023","status":"publish","type":"post","link":"https:\/\/eurotherm.eu\/fr\/eurotherm-eurobike-2023\/","title":{"rendered":"Eurotherm @ EUROBIKE 2023"},"content":{"rendered":"<p><a href=\"https:\/\/www.eurobike.com\/en\/\" target=\"_blank\" rel=\"noopener\"><u>EUROBIKE <\/u><\/a>est le plus grand salon de l\u2019industrie du v\u00e9lo en Europe et le d\u00e9fi pour 2023 est de p\u00e9daler vers la durabilit\u00e9 !<\/p>\n<p>\u00c9videmment, nous avons imm\u00e9diatement accept\u00e9 le d\u00e9fi qui est de penser \u00e0 une industrie qui veut rendre la production de v\u00e9los la plus durable possible. Car c&rsquo;est pr\u00e9cis\u00e9ment par la qualit\u00e9 que l\u2019on rend possible la r\u00e9duction de l\u2019empreinte carbone de la production et l&rsquo;am\u00e9lioration des aspects \u00e9cologiques li\u00e9s au traitement des mat\u00e9riaux et \u00e0 leur utilisation.<\/p>\n<p>En effet, des normes de qualit\u00e9 plus \u00e9lev\u00e9es se traduisent par une augmentation significative de la dur\u00e9e de vie du v\u00e9lo dans le temps et donc de la durabilit\u00e9 d&rsquo;un achat de plus en plus bas\u00e9 sur le concept \u00ab\u00a0acheter moins, acheter mieux\u00a0\u00bb.<\/p>\n<p>En tant que partenaires <a href=\"https:\/\/www.the-sppot.com\/\" target=\"_blank\" rel=\"noopener\">the Spott<\/a>, nous serons \u00e9galement aux c\u00f4t\u00e9s de nos partenaires qui sont en mesure de r\u00e9pondre aux besoins de la nouvelle r\u00e9alit\u00e9 de production europ\u00e9enne.<\/p>\n<p>De la peinture en poudre \u00e9cologique de Tiger Coatings aux couleurs durables de Berlac, aux d\u00e9calcomanies de premier ordre de Posterama qui sont con\u00e7ues pour durer au moins trois ans, \u00e0 l&rsquo;\u00e9quipement innovant de Wagner, en passant par la nouvelle technologie de Lesta Robotics, sans oublier les produits de retouche et d&rsquo;entretien de Duthoo. Nous contribuons ensemble \u00e0 \u00e9voluer vers un avenir meilleur pour la plan\u00e8te.<\/p>\n<h2>EUROBIKE 2023 \u00e0 Francfort du 21 au 25 juin<\/h2>\n<p>Du 21 au 25 juin, nous serons pr\u00e9sents \u00e0 l&rsquo;EUROBIKE sur le stand The Sppot o\u00f9 nous pr\u00e9senterons et effectuerons une d\u00e9monstration de nos \u00e9quipements, qui int\u00e9gr\u00e9s \u00e0 la technologie de nos partenaires, nous permettent de r\u00e9pondre aux normes de qualit\u00e9 de plus en plus strictes.<\/p>\n<p><strong><em>Rendez-vous \u00e0 Francfort ?<\/em><\/strong><\/p>\n<p><img loading=\"lazy\" decoding=\"async\" class=\"aligncenter wp-image-18882 size-full\" src=\"https:\/\/eurotherm.eu\/wp-content\/uploads\/2023\/05\/SIGNATURE_EUROBIKE23_EUROTHERM.jpg\" alt=\"Eurotherm\" width=\"557\" height=\"118\" title=\"Eurotherm\" srcset=\"https:\/\/eurotherm.eu\/wp-content\/uploads\/2023\/05\/SIGNATURE_EUROBIKE23_EUROTHERM.jpg 557w, https:\/\/eurotherm.eu\/wp-content\/uploads\/2023\/05\/SIGNATURE_EUROBIKE23_EUROTHERM-300x64.jpg 300w\" sizes=\"auto, (max-width: 557px) 100vw, 557px\" \/><\/p>\n","protected":false},"excerpt":{"rendered":"<p>EUROBIKE est le plus grand salon de l\u2019industrie du v\u00e9lo en Europe et le d\u00e9fi pour 2023 est de p\u00e9daler vers la durabilit\u00e9 ! \u00c9videmment, nous avons imm\u00e9diatement accept\u00e9 le d\u00e9fi qui est de penser \u00e0 une industrie qui veut rendre la production de v\u00e9los la plus durable possible. Car c&rsquo;est pr\u00e9cis\u00e9ment par la qualit\u00e9 [&hellip;]<\/p>\n","protected":false},"author":5,"featured_media":52209,"comment_status":"open","ping_status":"open","sticky":false,"template":"","format":"standard","meta":{"_acf_changed":false,"footnotes":""},"categories":[208],"tags":[],"class_list":["post-49782","post","type-post","status-publish","format-standard","has-post-thumbnail","hentry","category-evenements"],"acf":[],"_links":{"self":[{"href":"https:\/\/eurotherm.eu\/fr\/wp-json\/wp\/v2\/posts\/49782","targetHints":{"allow":["GET"]}}],"collection":[{"href":"https:\/\/eurotherm.eu\/fr\/wp-json\/wp\/v2\/posts"}],"about":[{"href":"https:\/\/eurotherm.eu\/fr\/wp-json\/wp\/v2\/types\/post"}],"author":[{"embeddable":true,"href":"https:\/\/eurotherm.eu\/fr\/wp-json\/wp\/v2\/users\/5"}],"replies":[{"embeddable":true,"href":"https:\/\/eurotherm.eu\/fr\/wp-json\/wp\/v2\/comments?post=49782"}],"version-history":[{"count":2,"href":"https:\/\/eurotherm.eu\/fr\/wp-json\/wp\/v2\/posts\/49782\/revisions"}],"predecessor-version":[{"id":52303,"href":"https:\/\/eurotherm.eu\/fr\/wp-json\/wp\/v2\/posts\/49782\/revisions\/52303"}],"wp:featuredmedia":[{"embeddable":true,"href":"https:\/\/eurotherm.eu\/fr\/wp-json\/wp\/v2\/media\/52209"}],"wp:attachment":[{"href":"https:\/\/eurotherm.eu\/fr\/wp-json\/wp\/v2\/media?parent=49782"}],"wp:term":[{"taxonomy":"category","embeddable":true,"href":"https:\/\/eurotherm.eu\/fr\/wp-json\/wp\/v2\/categories?post=49782"},{"taxonomy":"post_tag","embeddable":true,"href":"https:\/\/eurotherm.eu\/fr\/wp-json\/wp\/v2\/tags?post=49782"}],"curies":[{"name":"wp","href":"https:\/\/api.w.org\/{rel}","templated":true}]}}