{"id":49774,"date":"2023-03-13T10:17:52","date_gmt":"2023-03-13T09:17:52","guid":{"rendered":"https:\/\/eurotherm.eu\/eurotherm-color-trend-days-by-posterama\/"},"modified":"2025-06-20T11:05:31","modified_gmt":"2025-06-20T09:05:31","slug":"eurotherm-color-trend-days-by-posterama","status":"publish","type":"post","link":"https:\/\/eurotherm.eu\/fr\/eurotherm-color-trend-days-by-posterama\/","title":{"rendered":"Eurotherm @ Color Trend Days by Posterama"},"content":{"rendered":"<p>Suite \u00e0 notre inclusion <u>e<a href=\"https:\/\/eurotherm.eu\/fr\/nouveau-partenariat-avec-the-sppot\/\" target=\"_blank\" rel=\"noopener\">n tant que partenaire strat\u00e9gique au sein the sppot<\/a><\/u>, nous serons pr\u00e9sents <strong>les 28 et 29 mars aux Color Trend Days<\/strong>, le premier \u00e9v\u00e9nement de la s\u00e9rie BIG3, d\u00e9di\u00e9 aux tendances couleurs, aux effets, au design et aux innovations technologiques dans le domaine de la finition industrielle des bicyclettes et des articles de sport.<\/p>\n<p>Le th\u00e8me de l&rsquo;\u00e9v\u00e9nement ? <strong>Ramener \u00ab\u00a0chez nous\u00a0\u00bb la finition industrielle dans le monde du velo<\/strong>. Apr\u00e8s des ann\u00e9es de compromis avec l&rsquo;Asie en termes de qualit\u00e9, de co\u00fbts, d&rsquo;environnement et de processus logistiques non durables, le march\u00e9 de la bicyclette revient aujourd&rsquo;hui en Europe avec des objectifs clairs : qualit\u00e9, durabilit\u00e9 et logistique simplifi\u00e9e.<\/p>\n<p>Et c&rsquo;est pr\u00e9cis\u00e9ment cette ligne, si proche de la <a href=\"https:\/\/eurotherm.eu\/fr\/2022-eurotherm-production\/\" target=\"_blank\" rel=\"noopener\"><u>vision d&rsquo;entreprise d&rsquo;Eurotherm<\/u><\/a>, qui nous donne l&rsquo;envie d&rsquo;\u00eatre \u00e0 l&rsquo;avant-garde pour r\u00e9pondre aux nouvelles attentes des consommateurs <strong>avec des produits de meilleure qualit\u00e9, des r\u00e9ponses innovantes et une empreinte carbone r\u00e9duite<\/strong>.<\/p>\n<p><strong><em>Rendez-vous aux Pays-Bas ? <\/em><\/strong><\/p>\n<p>28 mars : Business Trend Day<\/p>\n<p>29 mars : Design Trend Day<\/p>\n<blockquote><p><strong>\u00c9v\u00e9nement gratuit avec inscription obligatoire au lien que vous trouverez en cliquant sur l&rsquo;image ci-dessous.<\/strong><\/p><\/blockquote>\n<p><a href=\"https:\/\/register.the-sppot.com\/register\" target=\"_blank\" rel=\"noopener\"><img loading=\"lazy\" decoding=\"async\" class=\"alignnone size-large wp-image-18504\" src=\"https:\/\/eurotherm.eu\/wp-content\/uploads\/2023\/03\/Immagine-2023-02-20-190730-1030x581.png\" alt=\"Color Trend Days\" width=\"1030\" height=\"581\" title=\"Eurotherm\" srcset=\"https:\/\/eurotherm.eu\/wp-content\/uploads\/2023\/03\/Immagine-2023-02-20-190730-1030x581.png 1030w, https:\/\/eurotherm.eu\/wp-content\/uploads\/2023\/03\/Immagine-2023-02-20-190730-300x169.png 300w, https:\/\/eurotherm.eu\/wp-content\/uploads\/2023\/03\/Immagine-2023-02-20-190730-768x433.png 768w, https:\/\/eurotherm.eu\/wp-content\/uploads\/2023\/03\/Immagine-2023-02-20-190730-1536x866.png 1536w, https:\/\/eurotherm.eu\/wp-content\/uploads\/2023\/03\/Immagine-2023-02-20-190730-480x270.png 480w, https:\/\/eurotherm.eu\/wp-content\/uploads\/2023\/03\/Immagine-2023-02-20-190730-705x398.png 705w, https:\/\/eurotherm.eu\/wp-content\/uploads\/2023\/03\/Immagine-2023-02-20-190730-1500x846.png 1500w, https:\/\/eurotherm.eu\/wp-content\/uploads\/2023\/03\/Immagine-2023-02-20-190730.png 1617w\" sizes=\"auto, (max-width: 1030px) 100vw, 1030px\" \/><\/a><\/p>\n","protected":false},"excerpt":{"rendered":"<p>Suite \u00e0 notre inclusion en tant que partenaire strat\u00e9gique au sein the sppot, nous serons pr\u00e9sents les 28 et 29 mars aux Color Trend Days, le premier \u00e9v\u00e9nement de la s\u00e9rie BIG3, d\u00e9di\u00e9 aux tendances couleurs, aux effets, au design et aux innovations technologiques dans le domaine de la finition industrielle des bicyclettes et des [&hellip;]<\/p>\n","protected":false},"author":5,"featured_media":52214,"comment_status":"open","ping_status":"open","sticky":false,"template":"","format":"standard","meta":{"_acf_changed":false,"footnotes":""},"categories":[208],"tags":[],"class_list":["post-49774","post","type-post","status-publish","format-standard","has-post-thumbnail","hentry","category-evenements"],"acf":[],"_links":{"self":[{"href":"https:\/\/eurotherm.eu\/fr\/wp-json\/wp\/v2\/posts\/49774","targetHints":{"allow":["GET"]}}],"collection":[{"href":"https:\/\/eurotherm.eu\/fr\/wp-json\/wp\/v2\/posts"}],"about":[{"href":"https:\/\/eurotherm.eu\/fr\/wp-json\/wp\/v2\/types\/post"}],"author":[{"embeddable":true,"href":"https:\/\/eurotherm.eu\/fr\/wp-json\/wp\/v2\/users\/5"}],"replies":[{"embeddable":true,"href":"https:\/\/eurotherm.eu\/fr\/wp-json\/wp\/v2\/comments?post=49774"}],"version-history":[{"count":2,"href":"https:\/\/eurotherm.eu\/fr\/wp-json\/wp\/v2\/posts\/49774\/revisions"}],"predecessor-version":[{"id":52307,"href":"https:\/\/eurotherm.eu\/fr\/wp-json\/wp\/v2\/posts\/49774\/revisions\/52307"}],"wp:featuredmedia":[{"embeddable":true,"href":"https:\/\/eurotherm.eu\/fr\/wp-json\/wp\/v2\/media\/52214"}],"wp:attachment":[{"href":"https:\/\/eurotherm.eu\/fr\/wp-json\/wp\/v2\/media?parent=49774"}],"wp:term":[{"taxonomy":"category","embeddable":true,"href":"https:\/\/eurotherm.eu\/fr\/wp-json\/wp\/v2\/categories?post=49774"},{"taxonomy":"post_tag","embeddable":true,"href":"https:\/\/eurotherm.eu\/fr\/wp-json\/wp\/v2\/tags?post=49774"}],"curies":[{"name":"wp","href":"https:\/\/api.w.org\/{rel}","templated":true}]}}