{"id":49766,"date":"2023-02-15T10:17:33","date_gmt":"2023-02-15T09:17:33","guid":{"rendered":"https:\/\/eurotherm.eu\/eurotherm-global-industrie-lyon-2025\/"},"modified":"2026-02-17T12:48:36","modified_gmt":"2026-02-17T11:48:36","slug":"eurotherm-global-industrie-lyon-2023","status":"publish","type":"post","link":"https:\/\/eurotherm.eu\/fr\/eurotherm-global-industrie-lyon-2023\/","title":{"rendered":"Eurotherm @ Global Industrie Lyon"},"content":{"rendered":"<p><br \/>\nDu 7 au 10 mars, nous serons pr\u00e9sents \u00e0 la cinqui\u00e8me \u00e9dition de <a href=\"https:\/\/global-industrie.com\/en\" target=\"_blank\" rel=\"noopener\"><u>Global Industrie \u00e0 Lyon<\/u><\/a>, le <strong>plus grand salon industriel fran\u00e7ais<\/strong> couvrant les secteurs de la m\u00e9tallurgie, du soudage, de l&rsquo;ing\u00e9nierie, de l&rsquo;\u00e9nergie \u00e9lectrique et du g\u00e9nie industriel.<\/p>\n<p>Le positionnement r\u00e9solument moderne du salon, orient\u00e9 vers l&rsquo;industrie du futur et le commerce international, <strong>correspond bien \u00e0 la philosophie d&rsquo;Eurotherm<\/strong>, c&rsquo;est pourquoi nous avons d\u00e9cid\u00e9 de participer cette ann\u00e9e encore.<br \/>\n<\/p>\n<div class=\"swiper-gallery-dida\">\n<div class=\"swiper-wrapper\">\n<div class=\"swiper-slide\">\n<div class=\"respimg-cont\"><img decoding=\"async\" loading=\"lazy\" src=\"https:\/\/eurotherm.eu\/wp-content\/uploads\/2023\/02\/ce3ffc42-13ea-427f-886f-2476225a5913-1030x773.jpg\" alt=\"Eurotherm\" title=\"Eurotherm\"><\/div>\n<\/div>\n<div class=\"swiper-slide\">\n<div class=\"respimg-cont\"><img decoding=\"async\" loading=\"lazy\" src=\"https:\/\/eurotherm.eu\/wp-content\/uploads\/2023\/02\/c4f42171-e66f-4d49-a404-e5894a902ff9-1030x773.jpg\" alt=\"Eurotherm\" title=\"Eurotherm\"><\/div>\n<\/div>\n<div class=\"swiper-slide\">\n<div class=\"respimg-cont\"><img decoding=\"async\" loading=\"lazy\" src=\"https:\/\/eurotherm.eu\/wp-content\/uploads\/2023\/02\/IMG_3322-1030x773.jpg\" alt=\"Eurotherm\" title=\"Eurotherm\"><\/div>\n<\/div>\n<div class=\"swiper-slide\">\n<div class=\"respimg-cont\"><img decoding=\"async\" loading=\"lazy\" src=\"https:\/\/eurotherm.eu\/wp-content\/uploads\/2023\/02\/IMG_4712-1030x773.jpg\" alt=\"Eurotherm\" title=\"Eurotherm\"><\/div>\n<\/div>\n<div class=\"swiper-slide\">\n<div class=\"respimg-cont\"><img decoding=\"async\" loading=\"lazy\" src=\"https:\/\/eurotherm.eu\/wp-content\/uploads\/2023\/02\/1-773x1030.jpg\" alt=\"Eurotherm\" title=\"Eurotherm\"><\/div>\n<\/div>\n<div class=\"swiper-slide\">\n<div class=\"respimg-cont\"><img decoding=\"async\" loading=\"lazy\" src=\"https:\/\/eurotherm.eu\/wp-content\/uploads\/2023\/02\/2-773x1030.jpg\" alt=\"Eurotherm\" title=\"Eurotherm\"><\/div>\n<\/div>\n<\/div>\n<\/div>\n<p><br \/>\nEn effet, ce sera l&rsquo;occasion pour nous de retrouver les partenaires et clients de longue date qui nous ont toujours accompagn\u00e9s en France et dans le monde, mais aussi <strong>de suivre les tendances du secteur et de se tenir au courant des signes \u00e9mergents<\/strong> des nouveaux d\u00e9veloppements en mati\u00e8re de finitions industrielles.<\/p>\n<p>Ces journ\u00e9es de conf\u00e9rences, d&rsquo;expositions et d&rsquo;ateliers seront <strong>l&rsquo;occasion de raconter notre travail, nos innovations et <a href=\"https:\/\/eurotherm.eu\/fr\/2022-eurotherm-production\/\" target=\"_blank\" rel=\"noopener\"><u>notre vision<\/u><\/a><\/strong>, mais aussi d&rsquo;\u00e9couter et de s&rsquo;impliquer en cr\u00e9ant de nouvelles relations.<br \/>\n<\/p>\n<p><\/p>\n<h2>Quoi de neuf chez Eurotherm en 2023 ?<\/h2>\n<p>Petit spoiler : nous pr\u00e9senterons notre nouvelle usine de production en France, qui sera op\u00e9rationnelle vers la fin de l&rsquo;ann\u00e9e. Eutherm France&#8230; pr\u00eat pour un nouveau d\u00e9fi.<br \/>\n<\/p>\n<div class=\"respimg-cont\"><img decoding=\"async\" loading=\"lazy\" src=\"https:\/\/eurotherm.eu\/wp-content\/uploads\/2023\/02\/Logo-Eurotherm-France-pdf-300x212.jpg\" alt=\"Eurotherm\" title=\"Eurotherm\"><\/div>\n<p><\/p>\n<h2>On se voit \u00e0 Lyon ?<\/h2>\n<p>Du 7 au 10 mars 2023<\/p>\n<p>Eurexpo Lyon<br \/>\nBd de l&rsquo;Europe, 69680 Chassieu<\/p>\n<p>Stand Eurotherm 4H116<\/p>\n<p style=\"text-align: center;\">Vous pouvez cliquer sur la banni\u00e8re ci-dessous pour obtenir un <strong>billet gratuit<\/strong> !<\/p>\n<p><\/p>\n<p><a href=\"https:\/\/globalindustrie2023.site.calypso-event.net\/visitorat\/professionnel\/vos-informations.htm\" target=\"_blank\" rel=\"noopener noreferrer\"><\/p>\n<div class=\"respimg-cont\"><img decoding=\"async\" loading=\"lazy\" src=\"https:\/\/eurotherm.eu\/wp-content\/uploads\/2023\/02\/GI-Facebook-851x315px.jpg\" alt=\"Eurotherm\" title=\"Eurotherm\"><\/div>\n<p><\/a><\/p>\n","protected":false},"excerpt":{"rendered":"<p>Du 7 au 10 mars, nous serons pr\u00e9sents \u00e0 la cinqui\u00e8me \u00e9dition de Global Industrie \u00e0 Lyon, le plus grand salon industriel fran\u00e7ais couvrant les secteurs de la m\u00e9tallurgie, du soudage, de l&rsquo;ing\u00e9nierie, de l&rsquo;\u00e9nergie \u00e9lectrique et du g\u00e9nie industriel. Le positionnement r\u00e9solument moderne du salon, orient\u00e9 vers l&rsquo;industrie du futur et le commerce international, [&hellip;]<\/p>\n","protected":false},"author":5,"featured_media":52164,"comment_status":"open","ping_status":"open","sticky":false,"template":"","format":"standard","meta":{"_acf_changed":false,"footnotes":""},"categories":[208],"tags":[],"class_list":["post-49766","post","type-post","status-publish","format-standard","has-post-thumbnail","hentry","category-evenements"],"acf":[],"_links":{"self":[{"href":"https:\/\/eurotherm.eu\/fr\/wp-json\/wp\/v2\/posts\/49766","targetHints":{"allow":["GET"]}}],"collection":[{"href":"https:\/\/eurotherm.eu\/fr\/wp-json\/wp\/v2\/posts"}],"about":[{"href":"https:\/\/eurotherm.eu\/fr\/wp-json\/wp\/v2\/types\/post"}],"author":[{"embeddable":true,"href":"https:\/\/eurotherm.eu\/fr\/wp-json\/wp\/v2\/users\/5"}],"replies":[{"embeddable":true,"href":"https:\/\/eurotherm.eu\/fr\/wp-json\/wp\/v2\/comments?post=49766"}],"version-history":[{"count":2,"href":"https:\/\/eurotherm.eu\/fr\/wp-json\/wp\/v2\/posts\/49766\/revisions"}],"predecessor-version":[{"id":52315,"href":"https:\/\/eurotherm.eu\/fr\/wp-json\/wp\/v2\/posts\/49766\/revisions\/52315"}],"wp:featuredmedia":[{"embeddable":true,"href":"https:\/\/eurotherm.eu\/fr\/wp-json\/wp\/v2\/media\/52164"}],"wp:attachment":[{"href":"https:\/\/eurotherm.eu\/fr\/wp-json\/wp\/v2\/media?parent=49766"}],"wp:term":[{"taxonomy":"category","embeddable":true,"href":"https:\/\/eurotherm.eu\/fr\/wp-json\/wp\/v2\/categories?post=49766"},{"taxonomy":"post_tag","embeddable":true,"href":"https:\/\/eurotherm.eu\/fr\/wp-json\/wp\/v2\/tags?post=49766"}],"curies":[{"name":"wp","href":"https:\/\/api.w.org\/{rel}","templated":true}]}}