{"id":49758,"date":"2022-10-06T15:24:31","date_gmt":"2022-10-06T13:24:31","guid":{"rendered":"https:\/\/eurotherm.eu\/eurotherm-pe-milano-coating-days\/"},"modified":"2025-06-20T11:10:00","modified_gmt":"2025-06-20T09:10:00","slug":"eurotherm-pe-milano-coating-days","status":"publish","type":"post","link":"https:\/\/eurotherm.eu\/fr\/eurotherm-pe-milano-coating-days\/","title":{"rendered":"Eurotherm @ P&#038;E Milano Coating Days"},"content":{"rendered":"<p>[av_video src=&rsquo;https:\/\/www.youtube.com\/watch?v=cyjRuDsdEW8&prime; mobile_image=\u00a0\u00bb attachment=\u00a0\u00bb attachment_size=\u00a0\u00bb format=&rsquo;16-9&prime; width=&rsquo;16&rsquo; height=&rsquo;9&prime; conditional_play=\u00a0\u00bb id=\u00a0\u00bb custom_class=\u00a0\u00bb template_class=\u00a0\u00bb av_uid=&rsquo;av-l9iaafkw&rsquo; sc_version=&rsquo;1.0&prime;]<\/p>\n<p><br \/>\nDu 26 au 27 octobre, Eurotherm sera pr\u00e9sent aux <a href=\"https:\/\/www.ecocoating.com\/IT\/\" target=\"_blank\" rel=\"noopener\"><u>P&amp;E Milano Coating Days<\/u><\/a>.<\/p>\n<p>L&rsquo;\u00e9v\u00e9nement industriel incontournable dans le domaine des traitements de surface aura lieu dans le <strong>Mus\u00e9e National des Sciences et des Technologies<\/strong> \u00ab\u00a0Leonardo da Vinci\u00a0\u00bb \u00e0 Milan. Un lieu qui souligne une fois de plus la relation \u00e9troite entre l&rsquo;innovation technologique et les solides traditions sur lesquelles repose notre secteur.<\/p>\n<p>S&rsquo;il est vrai que le monde de l\u2019industrie est en train de changer en faveur de processus de plus en plus connect\u00e9s, intelligents et conscients, il est \u00e9galement vrai qu&rsquo;aucune r\u00e9volution ne peut \u00eatre faite sans une connaissance pr\u00e9cise du march\u00e9 actuel (y compris des probl\u00e8mes critiques).<\/p>\n<p>La num\u00e9risation, l&rsquo;\u00e9conomie circulaire et la durabilit\u00e9 sont des concepts cl\u00e9s qui <strong>doivent toujours avoir pour objectif la qualit\u00e9 de la peinture<\/strong> dans un secteur devenu de plus en plus exigeant.<\/p>\n<p>Ces deux jours de conf\u00e9rences, s\u00e9minaires et ateliers seront l&rsquo;occasion de pr\u00e9senter notre travail, nos progr\u00e8s, mais aussi d&rsquo;\u00e9couter et de cr\u00e9er de nouvelles relations.<\/p>\n<p><a href=\"https:\/\/www.ecocoating.com\/it\/the-show\/visitare\/\" target=\"_blank\" rel=\"noopener\">Vous pouvez trouver des billets ici<\/a>.<\/p>\n<p>Nous vous attendons !<br \/>\n<\/p>\n<div class=\"respimg-cont\"><img decoding=\"async\" loading=\"lazy\" src=\"https:\/\/eurotherm.eu\/wp-content\/uploads\/2022\/10\/banner_400x150_Tavola_disegno_1.jpg\" alt=\"Eurotherm\" title=\"Eurotherm\"><\/div>\n","protected":false},"excerpt":{"rendered":"<p>[av_video src=&rsquo;https:\/\/www.youtube.com\/watch?v=cyjRuDsdEW8&prime; mobile_image=\u00a0\u00bb attachment=\u00a0\u00bb attachment_size=\u00a0\u00bb format=&rsquo;16-9&prime; width=&rsquo;16&rsquo; height=&rsquo;9&prime; conditional_play=\u00a0\u00bb id=\u00a0\u00bb custom_class=\u00a0\u00bb template_class=\u00a0\u00bb av_uid=&rsquo;av-l9iaafkw&rsquo; sc_version=&rsquo;1.0&prime;] Du 26 au 27 octobre, Eurotherm sera pr\u00e9sent aux P&amp;E Milano Coating Days. L&rsquo;\u00e9v\u00e9nement industriel incontournable dans le domaine des traitements de surface aura lieu dans le Mus\u00e9e National des Sciences et des Technologies \u00ab\u00a0Leonardo da Vinci\u00a0\u00bb \u00e0 Milan. Un lieu [&hellip;]<\/p>\n","protected":false},"author":5,"featured_media":52224,"comment_status":"open","ping_status":"open","sticky":false,"template":"","format":"standard","meta":{"_acf_changed":false,"footnotes":""},"categories":[208],"tags":[],"class_list":["post-49758","post","type-post","status-publish","format-standard","has-post-thumbnail","hentry","category-evenements"],"acf":[],"_links":{"self":[{"href":"https:\/\/eurotherm.eu\/fr\/wp-json\/wp\/v2\/posts\/49758","targetHints":{"allow":["GET"]}}],"collection":[{"href":"https:\/\/eurotherm.eu\/fr\/wp-json\/wp\/v2\/posts"}],"about":[{"href":"https:\/\/eurotherm.eu\/fr\/wp-json\/wp\/v2\/types\/post"}],"author":[{"embeddable":true,"href":"https:\/\/eurotherm.eu\/fr\/wp-json\/wp\/v2\/users\/5"}],"replies":[{"embeddable":true,"href":"https:\/\/eurotherm.eu\/fr\/wp-json\/wp\/v2\/comments?post=49758"}],"version-history":[{"count":2,"href":"https:\/\/eurotherm.eu\/fr\/wp-json\/wp\/v2\/posts\/49758\/revisions"}],"predecessor-version":[{"id":52322,"href":"https:\/\/eurotherm.eu\/fr\/wp-json\/wp\/v2\/posts\/49758\/revisions\/52322"}],"wp:featuredmedia":[{"embeddable":true,"href":"https:\/\/eurotherm.eu\/fr\/wp-json\/wp\/v2\/media\/52224"}],"wp:attachment":[{"href":"https:\/\/eurotherm.eu\/fr\/wp-json\/wp\/v2\/media?parent=49758"}],"wp:term":[{"taxonomy":"category","embeddable":true,"href":"https:\/\/eurotherm.eu\/fr\/wp-json\/wp\/v2\/categories?post=49758"},{"taxonomy":"post_tag","embeddable":true,"href":"https:\/\/eurotherm.eu\/fr\/wp-json\/wp\/v2\/tags?post=49758"}],"curies":[{"name":"wp","href":"https:\/\/api.w.org\/{rel}","templated":true}]}}