{"id":49750,"date":"2022-05-03T09:25:03","date_gmt":"2022-05-03T07:25:03","guid":{"rendered":"https:\/\/eurotherm.eu\/eurotherm-global-industrie-paris-2022\/"},"modified":"2025-06-20T11:11:17","modified_gmt":"2025-06-20T09:11:17","slug":"eurotherm-global-industrie-paris-2022","status":"publish","type":"post","link":"https:\/\/eurotherm.eu\/fr\/eurotherm-global-industrie-paris-2022\/","title":{"rendered":"Eurotherm @ Global Industrie Paris 2022"},"content":{"rendered":"<p><br \/>\nDu 17 au 20 Mai Eurotherm sera pr\u00e9sent \u00e0 <a href=\"https:\/\/global-industrie.com\/fr\" target=\"_blank\" rel=\"noopener\">Global Industrie Paris<\/a> qui met cette ann\u00e9e \u00e0 l&rsquo;honneur un th\u00e8me qui nous est cher : <strong>l&rsquo;industrialisation responsable.<\/strong><\/p>\n<p>En seulement trois \u00e9ditions, Global Industrie Paris s&rsquo;est affirm\u00e9 comme l&rsquo;un des principaux salons mondiaux d\u00e9di\u00e9s \u00e0 l&rsquo;industrie pour sa vision moderne et tourn\u00e9e vers l&rsquo;avenir.<\/p>\n<p>De la petite start-up innovante aux plus grandes industries pour un seul objectif : <strong>trouver les meilleures solutions technologiquement avanc\u00e9es.<\/strong><\/p>\n<p>Nous sommes heureux de participer \u00e0 la repr\u00e9sentation de l&rsquo;avant-garde de l&rsquo;excellence industrielle. Une excellente occasion de mettre en valeur nos travaux, mais surtout de <strong>suivre les tendances qui conduiront aux transformations industrielles de demain.<\/strong><\/p>\n<p>Voici quelques-unes des photos de nos stands des \u00e9ditions pr\u00e9c\u00e9dentes&#8230; Et cette ann\u00e9e ?<br \/>\n<\/p>\n<div class=\"swiper-gallery-dida\">\n<div class=\"swiper-wrapper\">\n<div class=\"swiper-slide\">\n<div class=\"respimg-cont\"><img decoding=\"async\" loading=\"lazy\" src=\"https:\/\/eurotherm.eu\/wp-content\/uploads\/2022\/05\/BSCH3811-1030x773.jpg\" alt=\"Eurotherm\" title=\"Eurotherm\"><\/div>\n<\/div>\n<div class=\"swiper-slide\">\n<div class=\"respimg-cont\"><img decoding=\"async\" loading=\"lazy\" src=\"https:\/\/eurotherm.eu\/wp-content\/uploads\/2022\/05\/20160405234057-1-1030x579.jpg\" alt=\"Eurotherm\" title=\"Eurotherm\"><\/div>\n<\/div>\n<div class=\"swiper-slide\">\n<div class=\"respimg-cont\"><img decoding=\"async\" loading=\"lazy\" src=\"https:\/\/eurotherm.eu\/wp-content\/uploads\/2022\/05\/20160405234057-5-1030x773.jpg\" alt=\"Eurotherm\" title=\"Eurotherm\"><\/div>\n<\/div>\n<div class=\"swiper-slide\">\n<div class=\"respimg-cont\"><img decoding=\"async\" loading=\"lazy\" src=\"https:\/\/eurotherm.eu\/wp-content\/uploads\/2022\/05\/20160405234426-773x1030.jpg\" alt=\"Eurotherm\" title=\"Eurotherm\"><\/div>\n<\/div>\n<div class=\"swiper-slide\">\n<div class=\"respimg-cont\"><img decoding=\"async\" loading=\"lazy\" src=\"https:\/\/eurotherm.eu\/wp-content\/uploads\/2022\/05\/20160405234359-773x1030.jpg\" alt=\"Eurotherm\" title=\"Eurotherm\"><\/div>\n<\/div>\n<div class=\"swiper-slide\">\n<div class=\"respimg-cont\"><img decoding=\"async\" loading=\"lazy\" src=\"https:\/\/eurotherm.eu\/wp-content\/uploads\/2022\/05\/CSPL0485-773x1030.jpg\" alt=\"Eurotherm\" title=\"Eurotherm\"><\/div>\n<\/div>\n<div class=\"swiper-slide\">\n<div class=\"respimg-cont\"><img decoding=\"async\" loading=\"lazy\" src=\"https:\/\/eurotherm.eu\/wp-content\/uploads\/2022\/05\/EDJG1251-773x1030.jpg\" alt=\"Eurotherm\" title=\"Eurotherm\"><\/div>\n<\/div>\n<div class=\"swiper-slide\">\n<div class=\"respimg-cont\"><img decoding=\"async\" loading=\"lazy\" src=\"https:\/\/eurotherm.eu\/wp-content\/uploads\/2022\/05\/EUFS3580-773x1030.jpg\" alt=\"Eurotherm\" title=\"Eurotherm\"><\/div>\n<\/div>\n<div class=\"swiper-slide\">\n<div class=\"respimg-cont\"><img decoding=\"async\" loading=\"lazy\" src=\"https:\/\/eurotherm.eu\/wp-content\/uploads\/2022\/05\/c4f42171-e66f-4d49-a404-e5894a902ff9-1030x773.jpg\" alt=\"Eurotherm\" title=\"Eurotherm\"><\/div>\n<\/div>\n<div class=\"swiper-slide\">\n<div class=\"respimg-cont\"><img decoding=\"async\" loading=\"lazy\" src=\"https:\/\/eurotherm.eu\/wp-content\/uploads\/2022\/05\/0158dd64-f05b-47f6-b760-2641e211b014-1030x773.jpg\" alt=\"Eurotherm\" title=\"Eurotherm\"><\/div>\n<\/div>\n<div class=\"swiper-slide\">\n<div class=\"respimg-cont\"><img decoding=\"async\" loading=\"lazy\" src=\"https:\/\/eurotherm.eu\/wp-content\/uploads\/2022\/05\/3c830d65-354f-47ad-8fb1-d9d3dd6dbfc9-773x1030.jpg\" alt=\"Eurotherm\" title=\"Eurotherm\"><\/div>\n<\/div>\n<\/div>\n<\/div>\n<p><br \/>\nRendez-vous \u00e0 Global Industrie, Paris Nord-Villepinte du 17 au 20 Mai dans le <strong>Hall 6, Stand M14.<\/strong><\/p>\n<p>Vous pouvez t\u00e9l\u00e9charger votre billet gratuit ici (<a href=\"https:\/\/globalindustrie2022.site.calypso-event.net\/visiteur\/global.htm\" target=\"_blank\" rel=\"noopener\">billets Global Industrie<\/a>).<br \/>\n<\/p>\n<div class=\"respimg-cont\"><img decoding=\"async\" loading=\"lazy\" src=\"https:\/\/eurotherm.eu\/wp-content\/uploads\/2022\/05\/GI-Linkedin-Profil-1584x396px-x2-1030x266.jpg\" alt=\"Eurotherm\" title=\"Eurotherm\"><\/div>\n","protected":false},"excerpt":{"rendered":"<p>Du 17 au 20 Mai Eurotherm sera pr\u00e9sent \u00e0 Global Industrie Paris qui met cette ann\u00e9e \u00e0 l&rsquo;honneur un th\u00e8me qui nous est cher : l&rsquo;industrialisation responsable. En seulement trois \u00e9ditions, Global Industrie Paris s&rsquo;est affirm\u00e9 comme l&rsquo;un des principaux salons mondiaux d\u00e9di\u00e9s \u00e0 l&rsquo;industrie pour sa vision moderne et tourn\u00e9e vers l&rsquo;avenir. De la [&hellip;]<\/p>\n","protected":false},"author":5,"featured_media":52229,"comment_status":"open","ping_status":"open","sticky":false,"template":"","format":"standard","meta":{"_acf_changed":false,"footnotes":""},"categories":[208],"tags":[],"class_list":["post-49750","post","type-post","status-publish","format-standard","has-post-thumbnail","hentry","category-evenements"],"acf":[],"_links":{"self":[{"href":"https:\/\/eurotherm.eu\/fr\/wp-json\/wp\/v2\/posts\/49750","targetHints":{"allow":["GET"]}}],"collection":[{"href":"https:\/\/eurotherm.eu\/fr\/wp-json\/wp\/v2\/posts"}],"about":[{"href":"https:\/\/eurotherm.eu\/fr\/wp-json\/wp\/v2\/types\/post"}],"author":[{"embeddable":true,"href":"https:\/\/eurotherm.eu\/fr\/wp-json\/wp\/v2\/users\/5"}],"replies":[{"embeddable":true,"href":"https:\/\/eurotherm.eu\/fr\/wp-json\/wp\/v2\/comments?post=49750"}],"version-history":[{"count":2,"href":"https:\/\/eurotherm.eu\/fr\/wp-json\/wp\/v2\/posts\/49750\/revisions"}],"predecessor-version":[{"id":52325,"href":"https:\/\/eurotherm.eu\/fr\/wp-json\/wp\/v2\/posts\/49750\/revisions\/52325"}],"wp:featuredmedia":[{"embeddable":true,"href":"https:\/\/eurotherm.eu\/fr\/wp-json\/wp\/v2\/media\/52229"}],"wp:attachment":[{"href":"https:\/\/eurotherm.eu\/fr\/wp-json\/wp\/v2\/media?parent=49750"}],"wp:term":[{"taxonomy":"category","embeddable":true,"href":"https:\/\/eurotherm.eu\/fr\/wp-json\/wp\/v2\/categories?post=49750"},{"taxonomy":"post_tag","embeddable":true,"href":"https:\/\/eurotherm.eu\/fr\/wp-json\/wp\/v2\/tags?post=49750"}],"curies":[{"name":"wp","href":"https:\/\/api.w.org\/{rel}","templated":true}]}}