{"id":49742,"date":"2022-04-11T15:49:40","date_gmt":"2022-04-11T13:49:40","guid":{"rendered":"https:\/\/eurotherm.eu\/eurotherm-paintexpo-2022\/"},"modified":"2025-06-20T11:13:04","modified_gmt":"2025-06-20T09:13:04","slug":"eurotherm-paintexpo-2022","status":"publish","type":"post","link":"https:\/\/eurotherm.eu\/fr\/eurotherm-paintexpo-2022\/","title":{"rendered":"Eurotherm @ PaintExpo 2022"},"content":{"rendered":"<p><br \/>\nCette ann\u00e9e, Eurotherm revient \u00e0 PaintExpo, le salon le plus important de notre secteur.<\/p>\n<p>Hall 3, stand 3510 : ce sont les coordonn\u00e9es de ce que nous aimerions \u00eatre la c\u00e9l\u00e9bration d&rsquo;un retour au monde r\u00e9el des relations avec les clients et les coll\u00e8gues, des \u00e9changes d&rsquo;id\u00e9es, de la fiert\u00e9 de montrer notre travail.<\/p>\n<p>Il est impossible de r\u00e9sumer la richesse de cet \u00e9v\u00e9nement en quelques lignes, \u00e9tant donn\u00e9 que des centaines de fournisseurs de produits et services pour le secteur de la peinture industrielle seront pr\u00e9sents. Il y aura ensuite des tables rondes et des s\u00e9minaires techniques.<\/p>\n<p>PaintExpo 2022 aura lieu \u00e0 Karlsruhe, en Allemagne, du 26 au 29 avril. Eurotherm vous attend.<\/p>\n<p>Pour les billets gratuits, vous pouvez utiliser le code : PEX2022LM sur le lien suivant <a href=\"https:\/\/tickets.leipziger-messe.de\/ptx22\" target=\"_blank\" rel=\"noopener\">https:\/\/tickets.leipziger-messe.de\/ptx22<\/a><br \/>\n<\/p>\n<div class=\"respimg-cont\"><img decoding=\"async\" loading=\"lazy\" src=\"https:\/\/eurotherm.eu\/wp-content\/uploads\/2022\/04\/20211221-paintexpo-banner-200x90-en-1030x464.png\" alt=\"Eurotherm\" title=\"Eurotherm\"><\/div>\n<div class=\"swiper-gallery-dida\">\n<div class=\"swiper-wrapper\"><\/div>\n<\/div>\n","protected":false},"excerpt":{"rendered":"<p>Cette ann\u00e9e, Eurotherm revient \u00e0 PaintExpo, le salon le plus important de notre secteur. Hall 3, stand 3510 : ce sont les coordonn\u00e9es de ce que nous aimerions \u00eatre la c\u00e9l\u00e9bration d&rsquo;un retour au monde r\u00e9el des relations avec les clients et les coll\u00e8gues, des \u00e9changes d&rsquo;id\u00e9es, de la fiert\u00e9 de montrer notre travail. Il [&hellip;]<\/p>\n","protected":false},"author":5,"featured_media":52234,"comment_status":"open","ping_status":"open","sticky":false,"template":"","format":"standard","meta":{"_acf_changed":false,"footnotes":""},"categories":[208],"tags":[],"class_list":["post-49742","post","type-post","status-publish","format-standard","has-post-thumbnail","hentry","category-evenements"],"acf":[],"_links":{"self":[{"href":"https:\/\/eurotherm.eu\/fr\/wp-json\/wp\/v2\/posts\/49742","targetHints":{"allow":["GET"]}}],"collection":[{"href":"https:\/\/eurotherm.eu\/fr\/wp-json\/wp\/v2\/posts"}],"about":[{"href":"https:\/\/eurotherm.eu\/fr\/wp-json\/wp\/v2\/types\/post"}],"author":[{"embeddable":true,"href":"https:\/\/eurotherm.eu\/fr\/wp-json\/wp\/v2\/users\/5"}],"replies":[{"embeddable":true,"href":"https:\/\/eurotherm.eu\/fr\/wp-json\/wp\/v2\/comments?post=49742"}],"version-history":[{"count":2,"href":"https:\/\/eurotherm.eu\/fr\/wp-json\/wp\/v2\/posts\/49742\/revisions"}],"predecessor-version":[{"id":52330,"href":"https:\/\/eurotherm.eu\/fr\/wp-json\/wp\/v2\/posts\/49742\/revisions\/52330"}],"wp:featuredmedia":[{"embeddable":true,"href":"https:\/\/eurotherm.eu\/fr\/wp-json\/wp\/v2\/media\/52234"}],"wp:attachment":[{"href":"https:\/\/eurotherm.eu\/fr\/wp-json\/wp\/v2\/media?parent=49742"}],"wp:term":[{"taxonomy":"category","embeddable":true,"href":"https:\/\/eurotherm.eu\/fr\/wp-json\/wp\/v2\/categories?post=49742"},{"taxonomy":"post_tag","embeddable":true,"href":"https:\/\/eurotherm.eu\/fr\/wp-json\/wp\/v2\/tags?post=49742"}],"curies":[{"name":"wp","href":"https:\/\/api.w.org\/{rel}","templated":true}]}}