{"id":49734,"date":"2022-03-24T14:30:28","date_gmt":"2022-03-24T13:30:28","guid":{"rendered":"https:\/\/eurotherm.eu\/eurotherm-expo-surface-2022\/"},"modified":"2025-06-20T11:14:29","modified_gmt":"2025-06-20T09:14:29","slug":"eurotherm-expo-surface-2022","status":"publish","type":"post","link":"https:\/\/eurotherm.eu\/fr\/eurotherm-expo-surface-2022\/","title":{"rendered":"Eurotherm @ Expo-Surface 2022"},"content":{"rendered":"<p><br \/>\nPour les entreprises, les salons professionnels sont une occasion incontournable non seulement de faire conna\u00eetre leurs produits, mais aussi de r\u00e9seauter avec des coll\u00e8gues, des professionnels et des clients. C&rsquo;est le monde de la poign\u00e9e de main et du face-\u00e0-face, deux outils puissants pour \u00e9tablir des relations professionnelles utiles et durables.<\/p>\n<p>Pour notre secteur, Expo-Surface est indispensable. <strong>Le Salon des technologies de protection contre la corrosion et du traitement de surface<\/strong> \u00e0 Kielce, en Pologne, est l&rsquo;un des plus grands salons d&rsquo;Europe centrale et orientale : 7 pavillons, plus de 500 exposants, une participation importante pour le secteur.<\/p>\n<p>Apr\u00e8s les deux ann\u00e9es pand\u00e9miques, durant lesquelles Expo-Surface a pris des allures d&rsquo;automne, la foire revient \u00e0 sa programmation printani\u00e8re. Et le printemps, vous savez, est la saison de l&rsquo;ann\u00e9e o\u00f9 de nouvelles choses naissent : qu&rsquo;il s&rsquo;agisse de projets ou de collaborations, de relations ou d&rsquo;id\u00e9es.<\/p>\n<p>Eurotherm sera \u00e9videmment pr\u00e9sent \u00e0 Expo-Surface 2022.<\/p>\n<p><strong>Nos coordonn\u00e9es<\/strong> : Hall G, Stand 68<\/p>\n<p>Nous vous attendons !<\/p>\n<p><img loading=\"lazy\" decoding=\"async\" class=\"aligncenter wp-image-16023 size-full\" src=\"https:\/\/eurotherm.eu\/wp-content\/uploads\/2022\/03\/expo-surface-2022.jpg\" alt=\"expo-surface-2022\" width=\"803\" height=\"353\" title=\"Eurotherm\"><br \/>\n<\/p>\n<div class=\"swiper-gallery-dida\">\n<div class=\"swiper-wrapper\"><\/div>\n<\/div>\n","protected":false},"excerpt":{"rendered":"<p>Pour les entreprises, les salons professionnels sont une occasion incontournable non seulement de faire conna\u00eetre leurs produits, mais aussi de r\u00e9seauter avec des coll\u00e8gues, des professionnels et des clients. C&rsquo;est le monde de la poign\u00e9e de main et du face-\u00e0-face, deux outils puissants pour \u00e9tablir des relations professionnelles utiles et durables. Pour notre secteur, Expo-Surface [&hellip;]<\/p>\n","protected":false},"author":5,"featured_media":52239,"comment_status":"open","ping_status":"open","sticky":false,"template":"","format":"standard","meta":{"_acf_changed":false,"footnotes":""},"categories":[208],"tags":[],"class_list":["post-49734","post","type-post","status-publish","format-standard","has-post-thumbnail","hentry","category-evenements"],"acf":[],"_links":{"self":[{"href":"https:\/\/eurotherm.eu\/fr\/wp-json\/wp\/v2\/posts\/49734","targetHints":{"allow":["GET"]}}],"collection":[{"href":"https:\/\/eurotherm.eu\/fr\/wp-json\/wp\/v2\/posts"}],"about":[{"href":"https:\/\/eurotherm.eu\/fr\/wp-json\/wp\/v2\/types\/post"}],"author":[{"embeddable":true,"href":"https:\/\/eurotherm.eu\/fr\/wp-json\/wp\/v2\/users\/5"}],"replies":[{"embeddable":true,"href":"https:\/\/eurotherm.eu\/fr\/wp-json\/wp\/v2\/comments?post=49734"}],"version-history":[{"count":2,"href":"https:\/\/eurotherm.eu\/fr\/wp-json\/wp\/v2\/posts\/49734\/revisions"}],"predecessor-version":[{"id":52333,"href":"https:\/\/eurotherm.eu\/fr\/wp-json\/wp\/v2\/posts\/49734\/revisions\/52333"}],"wp:featuredmedia":[{"embeddable":true,"href":"https:\/\/eurotherm.eu\/fr\/wp-json\/wp\/v2\/media\/52239"}],"wp:attachment":[{"href":"https:\/\/eurotherm.eu\/fr\/wp-json\/wp\/v2\/media?parent=49734"}],"wp:term":[{"taxonomy":"category","embeddable":true,"href":"https:\/\/eurotherm.eu\/fr\/wp-json\/wp\/v2\/categories?post=49734"},{"taxonomy":"post_tag","embeddable":true,"href":"https:\/\/eurotherm.eu\/fr\/wp-json\/wp\/v2\/tags?post=49734"}],"curies":[{"name":"wp","href":"https:\/\/api.w.org\/{rel}","templated":true}]}}