{"id":59935,"date":"2026-04-21T12:14:03","date_gmt":"2026-04-21T10:14:03","guid":{"rendered":"https:\/\/eurotherm.eu\/eine-komplette-ausruestungslinie-fuer-automatische-kommissioniersysteme-fuer-textillager-und-industrielle-waeschereien\/"},"modified":"2026-04-24T11:41:46","modified_gmt":"2026-04-24T09:41:46","slug":"eine-komplette-ausruestungslinie-fuer-automatische-kommissioniersysteme-fuer-textillager-und-industrielle-waeschereien","status":"publish","type":"post","link":"https:\/\/eurotherm.eu\/de\/eine-komplette-ausruestungslinie-fuer-automatische-kommissioniersysteme-fuer-textillager-und-industrielle-waeschereien\/","title":{"rendered":"Eine komplette Ausr\u00fcstungslinie f\u00fcr automatische Kommissioniersysteme f\u00fcr Textillager und industrielle W\u00e4schereien"},"content":{"rendered":"\n<section  class=\"content-block overflow-hidden margin-big\" style=\"--color-animate-to: #181e25;\">\n    <div class=\"container-fluid\">\n        <div class=\"row\">\n                        <div class=\"col-lg-10 offset-lg-1\">\n                <div class=\"h1 colorating-text text-gray\"><p>Eurotherm unterst\u00fctzt die Expansion von Metalprogetti im Bereich der automatischen Kommissionierung mit einer kompletten Anlage zur Pulverbeschichtung der Metallteile von Garderobenverwaltungssystemen, Lagerung, Verteilung und automatischer R\u00fcckgabe von Textilien.<\/p>\n<\/div>\n                            <\/div>\n                    <\/div>\n    <\/div>\n<\/section><style>\n  \/* FIX: selettore corretto senza spazio extra *\/\n  .bordered-title.block-block_bfa45e62bc157cb17377964340411b46::before {\n    background-color: #ffffff;\n  }\n<\/style>\n\n<section   class=\"section-wrapper wrapper margin-big\"\n  style=\"background-color: #181e25; --text-color: #ffffff;\">\n\n  <div class=\"container-fluid\">\n    <div class=\"row\">\n      <div class=\"col-lg-4\">\n                  <h2 style=\"color:var(--text-color);\" class=\"mb-5 bordered-title block-block_bfa45e62bc157cb17377964340411b46\">\n            Auswirkungen\n          <\/h2>\n              <\/div>\n\n          <\/div>\n  <\/div>\n\n      <!-- layout standard -->\n    \n\n<section  class=\"case-block margin-big\">\n    <div class=\"container-fluid\">\n        <div class=\"row align-items-center mb-5\">\n            <div class=\"col-lg-6\" style=\"color:var(--text-color);\">\n                <h3>Hochmoderne Anlagen und Prozesspflege: eine gemeinsame Vision<\/h3>\n                <p><p>Die Installation von Eurotherm besteht aus einer kompletten Endbearbeitungsanlage f\u00fcr die Lackierung von Stahl- und Aluminiumkomponenten f\u00fcr automatisierte Systeme f\u00fcr Industrie- und Chemischreinigungen, Textilindustrien und Modeunternehmen.<\/p>\n<\/p>\n            <\/div>\n            <div class=\"col-lg-6\">\n                                    <img decoding=\"async\" src=\"https:\/\/eurotherm.eu\/wp-content\/uploads\/2026\/04\/2021-02-12-12.10.38-1-scaled.webp\" class=\"respimg rounded\" alt=\"Eurotherm\" title=\"Eurotherm\">\n                            <\/div>\n        <\/div>\n    <\/div>\n<\/section>\n\n\n<!-- double image text bottom -->\n<section  class=\"case-block padding-small\">\n    <div class=\"container-fluid\">\n        <div class=\"row mb-5\">\n            <div class=\"col-lg-6 order-2 order-lg-1\">\n                                    <div class=\"respimg-cont rounded mb-3\">\n                        <img decoding=\"async\" src=\"https:\/\/eurotherm.eu\/wp-content\/uploads\/2026\/04\/2021-03-12-11.21.37-1-scaled.webp\" alt=\"Eurotherm\" title=\"Eurotherm\">\n                    <\/div>\n                            <\/div>\n            <div class=\"col-lg-6 order-1 order-lg-2\" style=\"color:var(--text-color);\">\n                <h3><\/h3>\n                <p><p>Die Anlage besteht aus einem Vorbehandlungstunnel, einem Trockenofen, einer Pulverbeschichtungskabine und einem Aush\u00e4rteofen. Sie ist so konzipiert, dass sie eine extrem variable Produktion in Bezug auf Abmessungen, Geometrien und Designanforderungen erm\u00f6glicht. Zu den wichtigsten St\u00e4rken des Kundenunternehmens Metalprogetti geh\u00f6ren die Modularit\u00e4t der Strukturen und der hohe Grad an individueller Anpassung der Anlage, sowohl in Bezug auf die Ausf\u00fchrung als auch auf das \u00e4sthetische Finish. <\/p>\n<\/p>\n            <\/div>\n        <\/div>\n        <div class=\"row mb-5\">\n            <div class=\"col-lg-6\" style=\"color:var(--text-color);\">\n                <h3><\/h3>\n                <p><p>Die Pulverbeschichtung der Transportkomponenten erfolgt durch manuellen Auftrag in bel\u00fcfteten Kabinen, die mit Filter- und R\u00fcckgewinnungssystemen ausgestattet sind, um die besten Prozessbedingungen und eine gesunde Arbeitsumgebung zu gew\u00e4hrleisten.<\/p>\n<p>Um das Projektziel zu erreichen und eine maximale Produktionsflexibilit\u00e4t zu gew\u00e4hrleisten, war Eurotherm als Lieferant der Anlagentechnik an der Definition und Standardisierung der Prozesse beteiligt und arbeitete dabei eng mit dem Kundenunternehmen und anderen Projektpartnern zusammen.<\/p>\n<\/p>\n            <\/div>\n            <div class=\"col-lg-6\">\n                                    <div class=\"respimg-cont rounded mb-3\">\n                        <img decoding=\"async\" src=\"https:\/\/eurotherm.eu\/wp-content\/uploads\/2026\/04\/Screenshot-2026-04-21-alle-11.41.43.webp\" class=\"respimg-cont rounded mb-3\" alt=\"Eurotherm\" title=\"Eurotherm\">\n                    <\/div>\n                            <\/div>\n        <\/div>\n    <\/div>\n<\/section>\n\n<!-- double image text bottom -->\n<section  class=\"case-block margin-big\">\n    <div class=\"container-fluid\">\n        <div class=\"row mb-5\">\n            <div class=\"col-lg-6 order-2 order-lg-1\">\n                                    <div class=\"respimg-cont rounded mb-3\">\n                        <img decoding=\"async\" src=\"https:\/\/eurotherm.eu\/wp-content\/uploads\/2026\/04\/2021-03-11-14.26.03-1-scaled.webp\" alt=\"Eurotherm\" title=\"Eurotherm\">\n                    <\/div>\n                            <\/div>\n            <div class=\"col-lg-6 order-1 order-lg-2\" style=\"color:var(--text-color);\">\n                <h3><p>Vorbehandlung: die perfekte Integration von Technologie und Chemie<\/p>\n<\/h3>\n                <p><p>Die Vorbehandlung von Metallartefakten erfolgt in einem mehrstufigen Prozess, der Folgendes umfasst:<\/p>\n<ul>\n<li>Phosphodecapping, mit Produkten, die nach Bedarf formuliert werden, um einen der wichtigsten Prozesskritikpunkte zu l\u00f6sen, n\u00e4mlich die Schaumbildung in der Phosphatierungsphase, die durch die Anwesenheit von Tensiden verursacht wird;<\/li>\n<li>2 Mal mit Leitungswasser absp\u00fclen;<\/li>\n<li>Sp\u00fclung mit osmotischem Wasser, das dank der Membran mit Ionenaustauscherharzen aus der prim\u00e4ren Wasseraufbereitungsanlage gewonnen wird, die das Leitungswasser in osmotisches Wasser umwandelt, das sowohl f\u00fcr die Sp\u00fclung als auch f\u00fcr die Vorbereitung der nanotechnologischen L\u00f6sung zur Passivierung geeignet ist;<\/li>\n<li>Nanotechnologische Passivierung ohne Sp\u00fclung, mit Qualicoat- und Qualicoatsteel-zertifizierten Produkten, die die Qualit\u00e4t der Behandlungen auf Stahl, verzinktem Stahl und Aluminium garantieren.<\/li>\n<\/ul>\n<p>F\u00fcr den umweltfreundlichen Umgang mit Prozessabf\u00e4llen ist der Vorbehandlungstunnel mit verschiedenen Filtertypen ausgestattet: von Grobfiltern f\u00fcr gr\u00f6\u00dfere Verunreinigungen bis hin zu Aktivkohlefiltern, die Partikel bis zu einem Mikrometer entfernen k\u00f6nnen.<\/p>\n<\/p>\n            <\/div>\n        <\/div>\n        <div class=\"row mb-5\">\n            <div class=\"col-lg-6\" style=\"color:var(--text-color);\">\n                <h3><p>\u00dcberkopf-St\u00fcckguttransportsystem, operative Flexibilit\u00e4t und organisierte Verwaltung der zu lackierenden Chargen<\/p>\n<\/h3>\n                <p><p>Der halbautomatische H\u00e4ngef\u00f6rderer wurde entworfen und hergestellt, um die Hauptanforderung des Lastenheftes zu erf\u00fcllen, n\u00e4mlich die M\u00f6glichkeit, Lasten mit unterschiedlichen Abmessungen und Gewichten zu handhaben und zu bewegen.<\/p>\n<\/p>\n            <\/div>\n            <div class=\"col-lg-6\">\n                                    <div class=\"respimg-cont rounded mb-3\">\n                        <img decoding=\"async\" src=\"https:\/\/eurotherm.eu\/wp-content\/uploads\/2026\/04\/2021-02-12-12.12.48-1-scaled.webp\" class=\"respimg-cont rounded mb-3\" alt=\"Eurotherm\" title=\"Eurotherm\">\n                    <\/div>\n                            <\/div>\n        <\/div>\n    <\/div>\n<\/section>\n\n<!-- double image text bottom -->\n<section  class=\"case-block padding-small\">\n    <div class=\"container-fluid\">\n        <div class=\"row mb-5\">\n            <div class=\"col-lg-6 order-2 order-lg-1\">\n                                    <div class=\"respimg-cont rounded mb-3\">\n                        <img decoding=\"async\" src=\"https:\/\/eurotherm.eu\/wp-content\/uploads\/2026\/04\/2021-03-11-18.24.15-1-scaled.webp\" alt=\"Eurotherm\" title=\"Eurotherm\">\n                    <\/div>\n                            <\/div>\n            <div class=\"col-lg-6 order-1 order-lg-2\" style=\"color:var(--text-color);\">\n                <h3><p>Vorbeugende Wartung als Wachstumsfaktor<\/p>\n<\/h3>\n                <p><p>Beim Bau der neuen Lackieranlage f\u00fcr Metalprogetti wurde besonderes Augenmerk auf die Definition von vorbeugenden Wartungspraktiken gelegt, um die Kontinuit\u00e4t des Betriebs zu gew\u00e4hrleisten, die Ausfallzeiten der Maschinen zu reduzieren und die Sicherheit der Arbeiter an der Linie zu erhalten.<\/p>\n<\/p>\n            <\/div>\n        <\/div>\n        <div class=\"row mb-5\">\n            <div class=\"col-lg-6\" style=\"color:var(--text-color);\">\n                <h3><\/h3>\n                <p><\/p>\n            <\/div>\n            <div class=\"col-lg-6\">\n                            <\/div>\n        <\/div>\n    <\/div>\n<\/section>\n\n  \n<\/section>\n<section class=\"content-block overflow-hidden mt-5\"><div class=\"container-fluid\"><div class=\"author-box-wrap\"><div class=\"wp-block-post-author\"><div class=\"wp-block-post-author__content\"><p class=\"wp-block-post-author__name\">Redaktion Eurotherm<\/p><\/div><\/div><\/div><\/div><\/section><section class=\"content-block overflow-hidden mb-3\"><div class=\"container-fluid\"><div class=\"author-box-wrap\"><div class=\"wp-block-post-author-biography\">Die Redaktion von Eurotherm ist f\u00fcr die Erstellung und Ver\u00f6ffentlichung der technischen und institutionellen Inhalte des Unternehmens verantwortlich. Sie \u00fcberwacht die Artikel, um Konsistenz, Klarheit und eine kontinuierliche Aktualisierung sicherzustellen, und arbeitet eng mit den Konstruktions- und Produktionsabteilungen zusammen. Jeder Text wird sorgf\u00e4ltig gepr\u00fcft, um die Informationsqualit\u00e4t zu gew\u00e4hrleisten und einen Mehrwert f\u00fcr die Fachleserschaft der Branche zu bieten.<\/div><\/div><\/div><\/section>\n<p><\/p>\n","protected":false},"excerpt":{"rendered":"","protected":false},"author":5,"featured_media":59934,"comment_status":"closed","ping_status":"closed","sticky":false,"template":"","format":"standard","meta":{"_acf_changed":false,"footnotes":""},"categories":[247],"tags":[372,371,354],"class_list":["post-59935","post","type-post","status-publish","format-standard","has-post-thumbnail","hentry","category-fallstudien","tag-allgemeine-produktion","tag-eisen","tag-pulverbeschichtung-2"],"acf":[],"_links":{"self":[{"href":"https:\/\/eurotherm.eu\/de\/wp-json\/wp\/v2\/posts\/59935","targetHints":{"allow":["GET"]}}],"collection":[{"href":"https:\/\/eurotherm.eu\/de\/wp-json\/wp\/v2\/posts"}],"about":[{"href":"https:\/\/eurotherm.eu\/de\/wp-json\/wp\/v2\/types\/post"}],"author":[{"embeddable":true,"href":"https:\/\/eurotherm.eu\/de\/wp-json\/wp\/v2\/users\/5"}],"replies":[{"embeddable":true,"href":"https:\/\/eurotherm.eu\/de\/wp-json\/wp\/v2\/comments?post=59935"}],"version-history":[{"count":1,"href":"https:\/\/eurotherm.eu\/de\/wp-json\/wp\/v2\/posts\/59935\/revisions"}],"predecessor-version":[{"id":59936,"href":"https:\/\/eurotherm.eu\/de\/wp-json\/wp\/v2\/posts\/59935\/revisions\/59936"}],"wp:featuredmedia":[{"embeddable":true,"href":"https:\/\/eurotherm.eu\/de\/wp-json\/wp\/v2\/media\/59934"}],"wp:attachment":[{"href":"https:\/\/eurotherm.eu\/de\/wp-json\/wp\/v2\/media?parent=59935"}],"wp:term":[{"taxonomy":"category","embeddable":true,"href":"https:\/\/eurotherm.eu\/de\/wp-json\/wp\/v2\/categories?post=59935"},{"taxonomy":"post_tag","embeddable":true,"href":"https:\/\/eurotherm.eu\/de\/wp-json\/wp\/v2\/tags?post=59935"}],"curies":[{"name":"wp","href":"https:\/\/api.w.org\/{rel}","templated":true}]}}