{"id":58011,"date":"2026-01-09T16:31:00","date_gmt":"2026-01-09T15:31:00","guid":{"rendered":"https:\/\/eurotherm.eu\/eurotherm-auf-der-pariser-verpackungswoche-2026\/"},"modified":"2026-01-09T16:48:48","modified_gmt":"2026-01-09T15:48:48","slug":"eurotherm-auf-der-pariser-verpackungswoche-2026","status":"publish","type":"post","link":"https:\/\/eurotherm.eu\/de\/eurotherm-auf-der-pariser-verpackungswoche-2026\/","title":{"rendered":"EuroTherm auf der Pariser Verpackungswoche 2026"},"content":{"rendered":"\n<p><strong>Am 5. und 6. Februar 2026<\/strong> wird EuroTherm Frankreich an der <strong><a href=\"https:\/\/www.parispackagingweek.com\/en\/welcome-to-paris-packaging-week\/\" data-type=\"link\" data-id=\"https:\/\/www.parispackagingweek.com\/en\/welcome-to-paris-packaging-week\/\" target=\"_blank\" rel=\"noopener\">Pariser Verpackungswoche 2026<\/a><\/strong>eine der wichtigsten europ\u00e4ischen Veranstaltungen f\u00fcr die Welt der Verpackung, der Veredelung und der hochwertigen Oberfl\u00e4chen.<\/p>\n\n<p>Die Paris Packaging Week bringt Markeninhaber, Designer, Hersteller und Technologieanbieter zusammen, um \u00fcber Innovation, Nachhaltigkeit und neue L\u00f6sungen f\u00fcr Luxus- und Industrieverpackungen zu diskutieren. Ein idealer Rahmen, um die Trends zu entdecken, die die Oberfl\u00e4chenbehandlung und Veredelungsprozesse neu definieren. <\/p>\n\n<p>Wir freuen uns, Ihnen die L\u00f6sungen von EuroTherm f\u00fcr Polymerisations- und Veredelungsprozesse vorzustellen, die <strong>Energieeffizienz, Qualit\u00e4t des Endergebnisses und Umweltvertr\u00e4glichkeit<\/strong> garantieren. Unser Team wird vor Ort sein, um \u00fcber Anwendungen, Konfigurationen und M\u00f6glichkeiten zur Anpassung der Anlagen zu sprechen. <a id=\"_msocom_1\"><\/a><\/p>\n\n<p>Besuchen Sie uns, wir sind mit unserem Team an Stand Nr. D180 zu finden.<\/p>\n\n<p>  Laden Sie Ihr kostenloses Ticket hier herunter: <a href=\"http:\/\/bit.ly\/4svhyFG\" target=\"_blank\" rel=\"noopener\">http:\/\/bit.ly\/4svhyFG<\/a><\/p>\n\n<p>  Wir freuen uns darauf, Sie in Paris zu sehen!<\/p>\n","protected":false},"excerpt":{"rendered":"<p>Am 5. und 6. Februar 2026 wird EuroTherm Frankreich an der Pariser Verpackungswoche 2026eine der wichtigsten europ\u00e4ischen Veranstaltungen f\u00fcr die Welt der Verpackung, der Veredelung und der hochwertigen Oberfl\u00e4chen. Die Paris Packaging Week bringt Markeninhaber, Designer, Hersteller und Technologieanbieter zusammen, um \u00fcber Innovation, Nachhaltigkeit und neue L\u00f6sungen f\u00fcr Luxus- und Industrieverpackungen zu diskutieren. Ein idealer [&hellip;]<\/p>\n","protected":false},"author":1,"featured_media":58004,"comment_status":"open","ping_status":"closed","sticky":false,"template":"","format":"standard","meta":{"_acf_changed":false,"footnotes":""},"categories":[209],"tags":[],"class_list":["post-58011","post","type-post","status-publish","format-standard","has-post-thumbnail","hentry","category-veranstaltung"],"acf":[],"_links":{"self":[{"href":"https:\/\/eurotherm.eu\/de\/wp-json\/wp\/v2\/posts\/58011","targetHints":{"allow":["GET"]}}],"collection":[{"href":"https:\/\/eurotherm.eu\/de\/wp-json\/wp\/v2\/posts"}],"about":[{"href":"https:\/\/eurotherm.eu\/de\/wp-json\/wp\/v2\/types\/post"}],"author":[{"embeddable":true,"href":"https:\/\/eurotherm.eu\/de\/wp-json\/wp\/v2\/users\/1"}],"replies":[{"embeddable":true,"href":"https:\/\/eurotherm.eu\/de\/wp-json\/wp\/v2\/comments?post=58011"}],"version-history":[{"count":1,"href":"https:\/\/eurotherm.eu\/de\/wp-json\/wp\/v2\/posts\/58011\/revisions"}],"predecessor-version":[{"id":58012,"href":"https:\/\/eurotherm.eu\/de\/wp-json\/wp\/v2\/posts\/58011\/revisions\/58012"}],"wp:featuredmedia":[{"embeddable":true,"href":"https:\/\/eurotherm.eu\/de\/wp-json\/wp\/v2\/media\/58004"}],"wp:attachment":[{"href":"https:\/\/eurotherm.eu\/de\/wp-json\/wp\/v2\/media?parent=58011"}],"wp:term":[{"taxonomy":"category","embeddable":true,"href":"https:\/\/eurotherm.eu\/de\/wp-json\/wp\/v2\/categories?post=58011"},{"taxonomy":"post_tag","embeddable":true,"href":"https:\/\/eurotherm.eu\/de\/wp-json\/wp\/v2\/tags?post=58011"}],"curies":[{"name":"wp","href":"https:\/\/api.w.org\/{rel}","templated":true}]}}