{"id":55563,"date":"2025-10-07T09:41:07","date_gmt":"2025-10-07T07:41:07","guid":{"rendered":"https:\/\/eurotherm.eu\/?p=55563"},"modified":"2025-10-13T15:49:31","modified_gmt":"2025-10-13T13:49:31","slug":"pulverbeschichtung-vannucci","status":"publish","type":"post","link":"https:\/\/eurotherm.eu\/de\/pulverbeschichtung-vannucci\/","title":{"rendered":"Pulverbeschichtung von Metallteilen und Gusskonstruktionen: Eine Anlage f\u00fcr gro\u00dfe Materialien"},"content":{"rendered":"<section\n    class=\"content-block overflow-hidden margin-small\">\n\n    <div class=\"container-fluid\">\n                    <div class=\"row\">\n                <div class=\"col-lg-8 offset-lg-4\">\n        \n        <div class=\"row\">\n            <!-- Titolo -->\n            <div class=\"col-lg-12\">\n                                    <h2 class=\"bordered-title h4\" >\n                        Eine neue Pulverbeschichtungsanlage zur Steigerung von Kapazit\u00e4t und Produktionsqualit\u00e4t                    <\/h2>\n                            <\/div>\n        <\/div>\n\n        <div class=\"row mt-3 align-items-center\">\n                                            <div class=\"col-lg-12 my-5\">\n                    <div class=\"text-dark\">\n                        <h3><p>Um die wachsende Nachfrage nach Pulverbeschichtung gro\u00dfer Metallteile zu befriedigen, entschied sich Verniciatura Vannucci S.r.l., ein Unternehmen, das sich auf die Veredelung von Metalloberfl\u00e4chen f\u00fcr den Tischler-, M\u00f6bel- und Automobilsektor spezialisiert hat, f\u00fcr die Investition in eine neue halbautomatische Anlage, die von Eurotherm entwickelt wurde.<\/p>\n<\/h3>\n                    <\/div>\n                <\/div>\n                                <div class=\"col-lg-12\">\n                                            <div class=\"paragrafo-elenco text-dark\">\n                            <p data-start=\"117\" data-end=\"551\">Ziel des Projekts war es, <strong data-start=\"146\" data-end=\"182\">die Produktionskapazit\u00e4t zu erh\u00f6hen<\/strong> und <strong data-start=\"185\" data-end=\"226\">die Qualit\u00e4t der Beschichtungen<\/strong> durch die Integration von Vorbehandlungs- und Handhabungstechnologien der n\u00e4chsten Generation zu <strong data-start=\"185\" data-end=\"226\">verbessern<\/strong>. Bei der Planung wurde besonderes Augenmerk auf die <strong data-start=\"361\" data-end=\"387\">betriebliche Flexibilit\u00e4t<\/strong>, die <strong data-start=\"394\" data-end=\"424\">Nachhaltigkeit der Prozesse<\/strong> und die <strong data-start=\"432\" data-end=\"461\">Skalierbarkeit der Anlage<\/strong> gelegt, um zuk\u00fcnftige Entwicklungen im Rahmen der Wachstumsstrategie des Unternehmens zu unterst\u00fctzen. <\/p>\n<p data-start=\"553\" data-end=\"784\">Die neue manuelle Pulverbeschichtungsanlage von Eurotherm, die mit einem hochmodernen einstufigen Vorbehandlungssystem ausgestattet ist, sorgt f\u00fcr maximale betriebliche Effizienz und einen nachhaltigen, leistungsstarken Produktionszyklus.<\/p>\n                        <\/div>\n                                    <\/div>\n            \n                    <\/div>\n\n                        <\/div>\n            <\/div>\n            <\/div>\n<\/section>\n\n\n<section\n    class=\"content-block overflow-hidden margin-small\">\n\n    <div class=\"container-fluid\">\n                    <div class=\"row\">\n                <div class=\"col-lg-8 offset-lg-4\">\n        \n        <div class=\"row\">\n            <!-- Titolo -->\n            <div class=\"col-lg-12\">\n                                    <h2 class=\"bordered-title h4\" >\n                        Waschvorbehandlung mit innovativer Chemie                    <\/h2>\n                            <\/div>\n        <\/div>\n\n        <div class=\"row mt-3 align-items-center\">\n                                            <div class=\"col-lg-12\">\n                                            <div class=\"paragrafo-elenco text-dark\">\n                            <p>Die einstufige Vorbehandlung findet in einer automatischen Ecojet-Zelle statt, die mit einem Spr\u00fchsystem ausgestattet ist, das f\u00fcr die Anwendung von TORAN 3\u00ae von Chemtec entwickelt wurde. TORAN 3\u00ae ist ein umweltfreundliches, einphasiges Produkt der neuesten Generation, das die auf den Oberfl\u00e4chen der Teile vorhandenen \u00d6le abbaut, einkapselt und neutralisiert. Im Sinne einer maximalen Nachhaltigkeit kommt das Verfahren ohne den Einsatz von Wasser aus und verursacht keine Abf\u00e4lle. <\/p>\n                        <\/div>\n                                    <\/div>\n            \n                            <div class=\"col-lg-12\">\n                    <div class=\"text-dark\">\n                        <p>Eine motorisierte Hubstation mit einer Kapazit\u00e4t von bis zu 1.000 kg erleichtert das Be- und Entladen der Teile. Ein halbautomatischer H\u00e4ngef\u00f6rderer mit integrierter Transferlogik erm\u00f6glicht die sichere Bewegung der Teile durch die verschiedenen Phasen des Lackierzyklus, beginnend mit der Vorbehandlung. <\/p>\n<p>Eine integrierte halbautomatische Linie f\u00fcr schnelle und pr\u00e4zise Operationen<\/p>\n                    <\/div>\n                <\/div>\n                    <\/div>\n\n                        <\/div>\n            <\/div>\n            <\/div>\n<\/section>\n\n\n<section\n    class=\"content-block overflow-hidden margin-small\">\n\n    <div class=\"container-fluid\">\n                    <div class=\"row\">\n                <div class=\"col-lg-8 offset-lg-4\">\n        \n        <div class=\"row\">\n            <!-- Titolo -->\n            <div class=\"col-lg-12\">\n                                    <h2 class=\"bordered-title h4\" >\n                        Hochleistungs-Pulverbeschichtungsanlage f\u00fcr \u00fcbergro\u00dfe Teile                    <\/h2>\n                            <\/div>\n        <\/div>\n\n        <div class=\"row mt-3 align-items-center\">\n                                            <div class=\"col-lg-12 my-5\">\n                    <div class=\"text-dark\">\n                        <h3><p>Die neue Pulverbeschichtungsanlage verarbeitet Formen bis zu einer L\u00e4nge von 6.500 mm, einer Tiefe von 1.500 mm\u0300 und einer H\u00f6he von 2.400 mm.<\/p>\n<\/h3>\n                    <\/div>\n                <\/div>\n                                <div class=\"col-lg-12\">\n                                            <div class=\"paragrafo-elenco text-dark\">\n                            <p>Er wurde entwickelt, um operative Flexibilit\u00e4t und hohe Leistung zu gew\u00e4hrleisten und erm\u00f6glicht dank des automatischen Transfers die Lackierung und Handhabung von robusten und besonders schweren Strukturen.<\/p>\n<p>Die Pulverbeschichtungskabine bietet Platz f\u00fcr gro\u00dfe Teile und bew\u00e4ltigt kleine Chargen und verschiedene Farbwechsel. Dank der hohen Flexibilit\u00e4t der Anlage k\u00f6nnen die Lackierzyklen an die spezifischen Schutz- und Veredelungsanforderungen des Endkunden angepasst werden. <\/p>\n<p>In die Anlage ist ein statischer Ofen integriert, der sowohl zum Trocknen nach der Vorbehandlung als auch zum Aush\u00e4rten der Farbe verwendet wird.<\/p>\n                        <\/div>\n                                    <\/div>\n            \n                    <\/div>\n\n                        <\/div>\n            <\/div>\n            <\/div>\n<\/section>\n\n\n<section\n    class=\"content-block overflow-hidden margin-small\">\n\n    <div class=\"container-fluid\">\n                    <div class=\"row\">\n                <div class=\"col-lg-8 offset-lg-4\">\n        \n        <div class=\"row\">\n            <!-- Titolo -->\n            <div class=\"col-lg-12\">\n                                    <h2 class=\"bordered-title h4\" >\n                        Hochleistungs-Pulverbeschichtung: Der Technologiesprung von Verniciatura Vannucci                    <\/h2>\n                            <\/div>\n        <\/div>\n\n        <div class=\"row mt-3 align-items-center\">\n                                            <div class=\"col-lg-12 my-5\">\n                    <div class=\"text-dark\">\n                        <h3><p><em>&#8222;Wir sind mit der neuen <a href=\"https:\/\/chemtec.it\/prodotto\/toran-3-pretrattamento\/\" target=\"_blank\" rel=\"noopener\">TORAN 3\u00ae<\/a> Pulverbeschichtungsanlage und der Vorbehandlung sehr zufrieden.<\/p>\n<\/h3>\n                    <\/div>\n                <\/div>\n                                <div class=\"col-lg-12\">\n                                            <div class=\"paragrafo-elenco text-dark\">\n                            <p><em>Diese Investition war unabdingbar, um ein veraltetes System ohne automatisches Waschen zu ersetzen, das auf einer manuellen Teilereinigung basierte.<\/p>\n<p>Neben der Schlie\u00dfung einer wichtigen technologischen L\u00fccke bestand das Hauptziel darin, die qualit\u1ef3 der Verarbeitung zu verbessern, insbesondere bei gr\u00f6\u00dferen Produkten als denen, die auf automatischen Linien verarbeitet werden. Die Anlage hat die Erwartungen weit \u00fcbertroffen, auch in Bezug auf die erreichte Energieeffizienz. Unsere Kunden haben die Verbesserung der Endqualit\u00e4t der Beschichtung best\u00e4tigt.&#8220;  <\/em><\/p>\n<p>Veronica Vannucci, CEO<\/p>\n                        <\/div>\n                                    <\/div>\n            \n                    <\/div>\n\n                        <\/div>\n            <\/div>\n            <\/div>\n<\/section>\n\n\n<section\n    class=\"content-block overflow-hidden margin-small\">\n\n    <div class=\"container-fluid\">\n                    <div class=\"row\">\n                <div class=\"col-lg-8 offset-lg-4\">\n        \n        <div class=\"row\">\n            <!-- Titolo -->\n            <div class=\"col-lg-12\">\n                                    <h2 class=\"bordered-title h4\" >\n                        Eurotherm-Anlage f\u00fcr Vannucci auf IPCM vorgestellt                    <\/h2>\n                            <\/div>\n        <\/div>\n\n        <div class=\"row mt-3 align-items-center\">\n                                            <div class=\"col-lg-12\">\n                                            <div class=\"paragrafo-elenco text-dark\">\n                            <p>Die neue Eurotherm-Pulverbeschichtungsanlage, die bei <a href=\"https:\/\/share.google\/uGl6nrO7iW2txIPhw\" target=\"_blank\" rel=\"noopener\">Verniciatura Vannucci<\/a> installiert wurde, war auch Gegenstand eines <a href=\"https:\/\/eurotherm.eu\/wp-content\/uploads\/2025\/10\/Verniciatura-Vannuccis-winning-choice-a-semi-automatic-powder-coating-plant.pdf\" target=\"_blank\" rel=\"noopener\">ausf\u00fchrlichen Fachartikels, der in der Zeitschrift ipcm\u00ae (Nr. 94, Juli\/August 2025) ver\u00f6ffentlicht wurde<\/a>.<\/p>\n<p>Der Artikel hebt die innovativen Merkmale der Anlage, das einstufige Vorbehandlungssystem TORAN 3\u00ae, und die Ergebnisse hervor, die in Bezug auf Energieeffizienz, Produktionsflexibilit\u00e4t und Qualit\u00e4t des Finishs erzielt wurden und die strategische Rolle dieser L\u00f6sung f\u00fcr die industrielle Lackierung gro\u00dfer Teile best\u00e4tigen.<\/p>\n                        <\/div>\n                                    <\/div>\n            \n                    <\/div>\n\n                        <\/div>\n            <\/div>\n            <\/div>\n<\/section>\n","protected":false},"excerpt":{"rendered":"","protected":false},"author":5,"featured_media":55553,"comment_status":"open","ping_status":"closed","sticky":false,"template":"","format":"standard","meta":{"_acf_changed":false,"footnotes":""},"categories":[226],"tags":[],"class_list":["post-55563","post","type-post","status-publish","format-standard","has-post-thumbnail","hentry","category-neuinstallationen"],"acf":[],"_links":{"self":[{"href":"https:\/\/eurotherm.eu\/de\/wp-json\/wp\/v2\/posts\/55563","targetHints":{"allow":["GET"]}}],"collection":[{"href":"https:\/\/eurotherm.eu\/de\/wp-json\/wp\/v2\/posts"}],"about":[{"href":"https:\/\/eurotherm.eu\/de\/wp-json\/wp\/v2\/types\/post"}],"author":[{"embeddable":true,"href":"https:\/\/eurotherm.eu\/de\/wp-json\/wp\/v2\/users\/5"}],"replies":[{"embeddable":true,"href":"https:\/\/eurotherm.eu\/de\/wp-json\/wp\/v2\/comments?post=55563"}],"version-history":[{"count":6,"href":"https:\/\/eurotherm.eu\/de\/wp-json\/wp\/v2\/posts\/55563\/revisions"}],"predecessor-version":[{"id":55842,"href":"https:\/\/eurotherm.eu\/de\/wp-json\/wp\/v2\/posts\/55563\/revisions\/55842"}],"wp:featuredmedia":[{"embeddable":true,"href":"https:\/\/eurotherm.eu\/de\/wp-json\/wp\/v2\/media\/55553"}],"wp:attachment":[{"href":"https:\/\/eurotherm.eu\/de\/wp-json\/wp\/v2\/media?parent=55563"}],"wp:term":[{"taxonomy":"category","embeddable":true,"href":"https:\/\/eurotherm.eu\/de\/wp-json\/wp\/v2\/categories?post=55563"},{"taxonomy":"post_tag","embeddable":true,"href":"https:\/\/eurotherm.eu\/de\/wp-json\/wp\/v2\/tags?post=55563"}],"curies":[{"name":"wp","href":"https:\/\/api.w.org\/{rel}","templated":true}]}}