{"id":51549,"date":"2020-10-30T18:31:33","date_gmt":"2020-10-30T17:31:33","guid":{"rendered":"https:\/\/eurotherm.eu\/besser-lackieren-hat-den-artikel-ueber-das-malsystem-veroeffentlicht-das-wir-an-zuern-geliefert-haben\/"},"modified":"2026-02-17T12:35:46","modified_gmt":"2026-02-17T11:35:46","slug":"besser-lackieren-hat-den-artikel-ueber-das-malsystem-veroeffentlicht-das-wir-an-zuern-geliefert-haben","status":"publish","type":"post","link":"https:\/\/eurotherm.eu\/de\/besser-lackieren-hat-den-artikel-ueber-das-malsystem-veroeffentlicht-das-wir-an-zuern-geliefert-haben\/","title":{"rendered":"BESSER LACKIEREN hat den Artikel \u00fcber das Malsystem ver\u00f6ffentlicht, das wir an Z\u00dcRN geliefert haben"},"content":{"rendered":"\n<p><span lang=\"de-DE\">Das renommierte deutsche Magazin der Malerindustrie, BESSER LACKIEREN, hat den Artikel unseres Kunden Z\u00dcRN und seiner neuen Anlage zum Lackieren von Landmaschinen ver\u00f6ffentlicht.<\/span><\/p>\n<p><span lang=\"de-DE\">Die Anlage besteht aus folgenden Maschinen:<\/span><\/p>\n<ul>\n<li><span lang=\"de-DE\">Manuelle Sandstrahlkabine mit Total Grit Recovery System.<\/span><\/li>\n<li><span lang=\"de-DE\">Manuelle Waschkabine mit einem aufgeh\u00e4ngten automatischen Waschportal im Inneren und einer Kufe zur <\/span><span lang=\"de-DE\">R\u00fcckgewinnung und Filtration von Waschwasser.<\/span><\/li>\n<li><span lang=\"de-DE\">Pulvertrocknungs- \/ Kochofen.<\/span><\/li>\n<li><span lang=\"de-DE\">Fl\u00fcssige Lackierkabine.<\/span><\/li>\n<li><span lang=\"de-DE\">Pulvermalkabine.<\/span><\/li>\n<li><span lang=\"de-DE\">\u00dcberkopff\u00f6rderer mit automatischem Transferwagen und Hebestation zum Be- und Entladen der Teile.<\/span><\/li>\n<li><span lang=\"de-DE\">L\u00fcftungsausgleich f\u00fcr Schuppenluft.<\/span><\/li>\n<\/ul>\n<div class=\"mt-5\"><a target=\"_blank\" rel=\"noopener noreferrer\" href=\"https:\/\/www.besserlackieren.de\/industrielle-lackierpraxis\/nutzfahrzeuglackierung\/landtechnikhersteller-zuern-investiert-in-hochmodernes-oberflaechenzentrum\" class=\"btn btn-outline-primary btn-min-width\">Artikel lesen<\/a><\/div>\n","protected":false},"excerpt":{"rendered":"<p>Das renommierte deutsche Magazin der Malerindustrie, BESSER LACKIEREN, hat den Artikel unseres Kunden Z\u00dcRN und seiner neuen Anlage zum Lackieren von Landmaschinen ver\u00f6ffentlicht. Die Anlage besteht aus folgenden Maschinen: Manuelle Sandstrahlkabine mit Total Grit Recovery System. Manuelle Waschkabine mit einem aufgeh\u00e4ngten automatischen Waschportal im Inneren und einer Kufe zur R\u00fcckgewinnung und Filtration von Waschwasser. Pulvertrocknungs- [&hellip;]<\/p>\n","protected":false},"author":3,"featured_media":29486,"comment_status":"open","ping_status":"open","sticky":false,"template":"","format":"standard","meta":{"_acf_changed":false,"footnotes":""},"categories":[210,212],"tags":[201,204],"class_list":["post-51549","post","type-post","status-publish","format-standard","has-post-thumbnail","hentry","category-articoli","category-artikel","tag-besser-lackieren-fr-2-3","tag-zurn-fr-2-3"],"acf":[],"_links":{"self":[{"href":"https:\/\/eurotherm.eu\/de\/wp-json\/wp\/v2\/posts\/51549","targetHints":{"allow":["GET"]}}],"collection":[{"href":"https:\/\/eurotherm.eu\/de\/wp-json\/wp\/v2\/posts"}],"about":[{"href":"https:\/\/eurotherm.eu\/de\/wp-json\/wp\/v2\/types\/post"}],"author":[{"embeddable":true,"href":"https:\/\/eurotherm.eu\/de\/wp-json\/wp\/v2\/users\/3"}],"replies":[{"embeddable":true,"href":"https:\/\/eurotherm.eu\/de\/wp-json\/wp\/v2\/comments?post=51549"}],"version-history":[{"count":2,"href":"https:\/\/eurotherm.eu\/de\/wp-json\/wp\/v2\/posts\/51549\/revisions"}],"predecessor-version":[{"id":58688,"href":"https:\/\/eurotherm.eu\/de\/wp-json\/wp\/v2\/posts\/51549\/revisions\/58688"}],"wp:featuredmedia":[{"embeddable":true,"href":"https:\/\/eurotherm.eu\/de\/wp-json\/wp\/v2\/media\/29486"}],"wp:attachment":[{"href":"https:\/\/eurotherm.eu\/de\/wp-json\/wp\/v2\/media?parent=51549"}],"wp:term":[{"taxonomy":"category","embeddable":true,"href":"https:\/\/eurotherm.eu\/de\/wp-json\/wp\/v2\/categories?post=51549"},{"taxonomy":"post_tag","embeddable":true,"href":"https:\/\/eurotherm.eu\/de\/wp-json\/wp\/v2\/tags?post=51549"}],"curies":[{"name":"wp","href":"https:\/\/api.w.org\/{rel}","templated":true}]}}