{"id":51427,"date":"2020-04-06T16:28:17","date_gmt":"2020-04-06T14:28:17","guid":{"rendered":"https:\/\/eurotherm.eu\/ipcm-magazin-hat-einen-artikel-ueber-uns-veroeffentlicht\/"},"modified":"2026-01-30T16:53:39","modified_gmt":"2026-01-30T15:53:39","slug":"ipcm-magazin-hat-einen-artikel-ueber-uns-veroeffentlicht","status":"publish","type":"post","link":"https:\/\/eurotherm.eu\/de\/ipcm-magazin-hat-einen-artikel-ueber-uns-veroeffentlicht\/","title":{"rendered":"IPCM Magazin hat einen Artikel \u00fcber uns ver\u00f6ffentlicht"},"content":{"rendered":"<p><a href=\"https:\/\/www.ipcm.it\/it\/riviste-ipcm\/\" target=\"_blank\" rel=\"noopener\">IPCM, International Paint&amp;Coating Magazin<\/a>, hat einen Artikel \u00fcber unser Unternehmen ver\u00f6ffentlicht: &#8222;Handwerkliche Qualit\u00e4t hochindustrialisierter Lackieranlagen: Warum Eurotherm S.p.A. gegen den Strom schwimmt&#8220;.<\/p>\n<div class=\"mt-5\"><a target=\"_blank\" rel=\"noopener noreferrer\" href=\"https:\/\/eurotherm.eu\/wp-content\/uploads\/2020\/04\/Articolo-IPCM-ENG.pdf\" class=\"btn btn-outline-primary btn-min-width\">Click to read the full article<\/a><\/div>\n\n","protected":false},"excerpt":{"rendered":"<p>IPCM, International Paint&amp;Coating Magazin, hat einen Artikel \u00fcber unser Unternehmen ver\u00f6ffentlicht: &#8222;Handwerkliche Qualit\u00e4t hochindustrialisierter Lackieranlagen: Warum Eurotherm S.p.A. gegen den Strom schwimmt&#8220;. Click to read the full article<\/p>\n","protected":false},"author":3,"featured_media":29150,"comment_status":"open","ping_status":"open","sticky":false,"template":"","format":"standard","meta":{"_acf_changed":false,"footnotes":""},"categories":[210],"tags":[],"class_list":["post-51427","post","type-post","status-publish","format-standard","has-post-thumbnail","hentry","category-articoli"],"acf":[],"_links":{"self":[{"href":"https:\/\/eurotherm.eu\/de\/wp-json\/wp\/v2\/posts\/51427","targetHints":{"allow":["GET"]}}],"collection":[{"href":"https:\/\/eurotherm.eu\/de\/wp-json\/wp\/v2\/posts"}],"about":[{"href":"https:\/\/eurotherm.eu\/de\/wp-json\/wp\/v2\/types\/post"}],"author":[{"embeddable":true,"href":"https:\/\/eurotherm.eu\/de\/wp-json\/wp\/v2\/users\/3"}],"replies":[{"embeddable":true,"href":"https:\/\/eurotherm.eu\/de\/wp-json\/wp\/v2\/comments?post=51427"}],"version-history":[{"count":4,"href":"https:\/\/eurotherm.eu\/de\/wp-json\/wp\/v2\/posts\/51427\/revisions"}],"predecessor-version":[{"id":58468,"href":"https:\/\/eurotherm.eu\/de\/wp-json\/wp\/v2\/posts\/51427\/revisions\/58468"}],"wp:featuredmedia":[{"embeddable":true,"href":"https:\/\/eurotherm.eu\/de\/wp-json\/wp\/v2\/media\/29150"}],"wp:attachment":[{"href":"https:\/\/eurotherm.eu\/de\/wp-json\/wp\/v2\/media?parent=51427"}],"wp:term":[{"taxonomy":"category","embeddable":true,"href":"https:\/\/eurotherm.eu\/de\/wp-json\/wp\/v2\/categories?post=51427"},{"taxonomy":"post_tag","embeddable":true,"href":"https:\/\/eurotherm.eu\/de\/wp-json\/wp\/v2\/tags?post=51427"}],"curies":[{"name":"wp","href":"https:\/\/api.w.org\/{rel}","templated":true}]}}