{"id":50593,"date":"2024-05-03T04:17:05","date_gmt":"2024-05-03T02:17:05","guid":{"rendered":"https:\/\/eurotherm.eu\/pulverbeschichtungsanlage-fuer-fahrraeder\/"},"modified":"2025-06-13T15:47:58","modified_gmt":"2025-06-13T13:47:58","slug":"pulverbeschichtungsanlage-fuer-fahrraeder","status":"publish","type":"post","link":"https:\/\/eurotherm.eu\/de\/pulverbeschichtungsanlage-fuer-fahrraeder\/","title":{"rendered":"Pulverbeschichtungsanlage f\u00fcr Fahrr\u00e4der"},"content":{"rendered":"<p><br \/>\nDie Fahrradbranche erfreut uns sehr und so haben wir k\u00fcrzlich diese kompakte Pulverbeschichtungsanlage f\u00fcr einen Handwerksbetrieb in der Tschechischen Republik entwickelt, der sich auf die H<strong>erstellung und Personalisierung spezieller zwei- und dreir\u00e4driger Fahrr\u00e4der, einschlie\u00dflich Fahrr\u00e4der mit Tretunterst\u00fctzung<\/strong>, spezialisiert hat.<br \/>\n<\/p>\n<div class=\"respimg-cont\"><img decoding=\"async\" loading=\"lazy\" src=\"https:\/\/eurotherm.eu\/wp-content\/uploads\/2024\/05\/pretrattamento-bici-1030x387.jpg\" alt=\"Eurotherm\" title=\"Eurotherm\"><\/div>\n<p><br \/>\nDie entwickelte <strong>Pulverbeschichtungsanlage<\/strong> ist einfach, aber <strong>bis ins kleinste Detail ma\u00dfgeschneidert<\/strong>, um den Anforderungen des Unternehmens bei der Lackierung seiner Fahrradrahmen gerecht zu werden. Die Anlage besteht aus einem <strong>Ofen und einer ma\u00dfgeschneiderten Pulverbeschichtungskabine<\/strong>, sodass der Kunde die Qualit\u00e4t der gesamten Produktionskette unter Kontrolle halten kann.<br \/>\n<\/p>\n<div class=\"swiper-gallery-dida\">\n<div class=\"swiper-wrapper\">\n<div class=\"swiper-slide\">\n<div class=\"respimg-cont\"><img decoding=\"async\" loading=\"lazy\" src=\"https:\/\/eurotherm.eu\/wp-content\/uploads\/2024\/04\/01-Electrical-curing-oven-1030x773.jpg\" alt=\"Eurotherm\" title=\"Eurotherm\"><\/div>\n<\/div>\n<div class=\"swiper-slide\">\n<div class=\"respimg-cont\"><img decoding=\"async\" loading=\"lazy\" src=\"https:\/\/eurotherm.eu\/wp-content\/uploads\/2024\/04\/02-Electrical-curing-oven-773x1030.jpg\" alt=\"Eurotherm\" title=\"Eurotherm\"><\/div>\n<\/div>\n<div class=\"swiper-slide\">\n<div class=\"respimg-cont\"><img decoding=\"async\" loading=\"lazy\" src=\"https:\/\/eurotherm.eu\/wp-content\/uploads\/2024\/04\/03-Electrical-curing-oven-773x1030.jpg\" alt=\"Eurotherm\" title=\"Eurotherm\"><\/div>\n<\/div>\n<div class=\"swiper-slide\">\n<div class=\"respimg-cont\"><img decoding=\"async\" loading=\"lazy\" src=\"https:\/\/eurotherm.eu\/wp-content\/uploads\/2024\/04\/04-Powder-painting-booth-773x1030.jpg\" alt=\"Eurotherm\" title=\"Eurotherm\"><\/div>\n<\/div>\n<\/div>\n<\/div>\n","protected":false},"excerpt":{"rendered":"<p>Die Fahrradbranche erfreut uns sehr und so haben wir k\u00fcrzlich diese kompakte Pulverbeschichtungsanlage f\u00fcr einen Handwerksbetrieb in der Tschechischen Republik entwickelt, der sich auf die Herstellung und Personalisierung spezieller zwei- und dreir\u00e4driger Fahrr\u00e4der, einschlie\u00dflich Fahrr\u00e4der mit Tretunterst\u00fctzung, spezialisiert hat. Die entwickelte Pulverbeschichtungsanlage ist einfach, aber bis ins kleinste Detail ma\u00dfgeschneidert, um den Anforderungen des Unternehmens [&hellip;]<\/p>\n","protected":false},"author":5,"featured_media":20456,"comment_status":"open","ping_status":"open","sticky":false,"template":"","format":"standard","meta":{"_acf_changed":false,"footnotes":""},"categories":[226],"tags":[],"class_list":["post-50593","post","type-post","status-publish","format-standard","has-post-thumbnail","hentry","category-neuinstallationen"],"acf":[],"_links":{"self":[{"href":"https:\/\/eurotherm.eu\/de\/wp-json\/wp\/v2\/posts\/50593","targetHints":{"allow":["GET"]}}],"collection":[{"href":"https:\/\/eurotherm.eu\/de\/wp-json\/wp\/v2\/posts"}],"about":[{"href":"https:\/\/eurotherm.eu\/de\/wp-json\/wp\/v2\/types\/post"}],"author":[{"embeddable":true,"href":"https:\/\/eurotherm.eu\/de\/wp-json\/wp\/v2\/users\/5"}],"replies":[{"embeddable":true,"href":"https:\/\/eurotherm.eu\/de\/wp-json\/wp\/v2\/comments?post=50593"}],"version-history":[{"count":1,"href":"https:\/\/eurotherm.eu\/de\/wp-json\/wp\/v2\/posts\/50593\/revisions"}],"predecessor-version":[{"id":51975,"href":"https:\/\/eurotherm.eu\/de\/wp-json\/wp\/v2\/posts\/50593\/revisions\/51975"}],"wp:featuredmedia":[{"embeddable":true,"href":"https:\/\/eurotherm.eu\/de\/wp-json\/wp\/v2\/media\/20456"}],"wp:attachment":[{"href":"https:\/\/eurotherm.eu\/de\/wp-json\/wp\/v2\/media?parent=50593"}],"wp:term":[{"taxonomy":"category","embeddable":true,"href":"https:\/\/eurotherm.eu\/de\/wp-json\/wp\/v2\/categories?post=50593"},{"taxonomy":"post_tag","embeddable":true,"href":"https:\/\/eurotherm.eu\/de\/wp-json\/wp\/v2\/tags?post=50593"}],"curies":[{"name":"wp","href":"https:\/\/api.w.org\/{rel}","templated":true}]}}