{"id":50513,"date":"2023-05-22T15:15:17","date_gmt":"2023-05-22T13:15:17","guid":{"rendered":"https:\/\/eurotherm.eu\/kompakte-strahlanlage-fuer-den-oel-und-gassektor\/"},"modified":"2025-06-13T15:47:00","modified_gmt":"2025-06-13T13:47:00","slug":"kompakte-strahlanlage-fuer-den-oel-und-gassektor","status":"publish","type":"post","link":"https:\/\/eurotherm.eu\/de\/kompakte-strahlanlage-fuer-den-oel-und-gassektor\/","title":{"rendered":"Kompakte Strahlanlage f\u00fcr den \u00d6l- und Gassektor"},"content":{"rendered":"<p><br \/>\nDas Gewicht der Energie kann \u00fcberw\u00e4ltigend sein. Nein, wir sprechen hier nicht von den Schwankungen der \u00d6l- und Erdgaspreise und auch nicht von den gef\u00fcrchteten \u201eKosten in der Rechnung\u201c.<\/p>\n<p>In diesem Artikel sprechen wir \u00fcber Infrastruktur.<\/p>\n<h2>Der \u00d6l- und Gassektor<\/h2>\n<p>Wettbewerbsf\u00e4hig, essentiell, auf eine Zukunft ausgerichtet, die nicht genau vorhersehbar ist: Der \u00d6l- und Gassektor \u2013 der die drei bislang wichtigsten Energiequellen Strom, \u00d6l und Gas umfasst \u2013 <strong>basiert auf einem System schwerer Infrastrukturen<\/strong>.<\/p>\n<p>Wenn eine Industrie die Oberfl\u00e4chenveredelung der Elemente, die zu den Netzwerken beitragen, durchf\u00fchren muss, sind wir uns einer Sache sicher: Es m\u00fcssen sehr <strong>schwere Komponenten bewegt werden<\/strong>.<br \/>\n<\/p>\n<div class=\"swiper-gallery-dida\">\n<div class=\"swiper-wrapper\">\n<div class=\"swiper-slide\">\n<div class=\"respimg-cont\"><img decoding=\"async\" loading=\"lazy\" src=\"https:\/\/eurotherm.eu\/wp-content\/uploads\/2023\/05\/3-Bespoke-shotblasting-booth-686x1030.jpg\" alt=\"Eurotherm\" title=\"Eurotherm\"><\/div>\n<\/div>\n<div class=\"swiper-slide\">\n<div class=\"respimg-cont\"><img decoding=\"async\" loading=\"lazy\" src=\"https:\/\/eurotherm.eu\/wp-content\/uploads\/2023\/05\/2-Bespoke-shotblasting-booth-773x1030.jpg\" alt=\"Eurotherm\" title=\"Eurotherm\"><\/div>\n<\/div>\n<div class=\"swiper-slide\">\n<div class=\"respimg-cont\"><img decoding=\"async\" loading=\"lazy\" src=\"https:\/\/eurotherm.eu\/wp-content\/uploads\/2023\/05\/01-Bespoke-shotblasting-booth-773x1030.jpg\" alt=\"Eurotherm\" title=\"Eurotherm\"><\/div>\n<\/div>\n<\/div>\n<\/div>\n<p><\/p>\n<h2>Strahlen von \u00d6l- und Gaskomponenten<\/h2>\n<p>F\u00fcr ein wichtiges Unternehmen im Gas- und \u00d6lsektor hat Eurotherm eine ausgesprochen kompakte Kabine geschaffen. Es stellt sich die Frage: Wie haben wir es geschafft, die \u201ehohen\u201c Anforderungen der \u00d6l- und Gasindustrie mit der Kompaktheit unseres Produkts in Einklang zu bringen? In zwei Wegen:<\/p>\n<ul>\n<li>Kabine bis zu <strong>f\u00fcnf Au\u00dfenstationen<\/strong>, die das Strahlen direkt von au\u00dfen erm\u00f6glichen,<\/li>\n<li><strong>Ma\u00dfgeschneiderte Struktur zum Heben und Handhaben <\/strong>unter Verwendung eines verschiebbaren elektrischen Hebezeugs mit Zugang vom Dach der Kabine,<\/li>\n<li><strong>Automatisierung <\/strong>in der Ladephase und St\u00fcckeingabe in die Kabine \u00fcber<strong> Fernbedienung,<\/strong><\/li>\n<li><strong>Die Flexibilit\u00e4t der Kabine <\/strong>liegt in der Tatsache, dass das System an die verf\u00fcgbaren R\u00e4ume auf kleinem Raum angepasst werden kann.<\/li>\n<\/ul>\n<p>Auf diese Weise ist die Strahlkabine f\u00fcr Ventile kompakt, effizient und hochgradig in das Unternehmen integriert. F\u00fcr die Steuerung der Kabine wurde eine <strong>SPS mit Touchscreen-Panel in 4.0 integriert<\/strong>.<br \/>\n<\/p>\n<div class=\"respimg-cont\"><img decoding=\"async\" loading=\"lazy\" src=\"https:\/\/eurotherm.eu\/wp-content\/uploads\/2023\/05\/4-Bespoke-shotblasting-booth.jpg\" alt=\"Eurotherm\" title=\"Eurotherm\"><\/div>\n","protected":false},"excerpt":{"rendered":"<p>Das Gewicht der Energie kann \u00fcberw\u00e4ltigend sein. Nein, wir sprechen hier nicht von den Schwankungen der \u00d6l- und Erdgaspreise und auch nicht von den gef\u00fcrchteten \u201eKosten in der Rechnung\u201c. In diesem Artikel sprechen wir \u00fcber Infrastruktur. Der \u00d6l- und Gassektor Wettbewerbsf\u00e4hig, essentiell, auf eine Zukunft ausgerichtet, die nicht genau vorhersehbar ist: Der \u00d6l- und Gassektor [&hellip;]<\/p>\n","protected":false},"author":5,"featured_media":18821,"comment_status":"open","ping_status":"open","sticky":false,"template":"","format":"standard","meta":{"_acf_changed":false,"footnotes":""},"categories":[226],"tags":[],"class_list":["post-50513","post","type-post","status-publish","format-standard","has-post-thumbnail","hentry","category-neuinstallationen"],"acf":[],"_links":{"self":[{"href":"https:\/\/eurotherm.eu\/de\/wp-json\/wp\/v2\/posts\/50513","targetHints":{"allow":["GET"]}}],"collection":[{"href":"https:\/\/eurotherm.eu\/de\/wp-json\/wp\/v2\/posts"}],"about":[{"href":"https:\/\/eurotherm.eu\/de\/wp-json\/wp\/v2\/types\/post"}],"author":[{"embeddable":true,"href":"https:\/\/eurotherm.eu\/de\/wp-json\/wp\/v2\/users\/5"}],"replies":[{"embeddable":true,"href":"https:\/\/eurotherm.eu\/de\/wp-json\/wp\/v2\/comments?post=50513"}],"version-history":[{"count":1,"href":"https:\/\/eurotherm.eu\/de\/wp-json\/wp\/v2\/posts\/50513\/revisions"}],"predecessor-version":[{"id":51866,"href":"https:\/\/eurotherm.eu\/de\/wp-json\/wp\/v2\/posts\/50513\/revisions\/51866"}],"wp:featuredmedia":[{"embeddable":true,"href":"https:\/\/eurotherm.eu\/de\/wp-json\/wp\/v2\/media\/18821"}],"wp:attachment":[{"href":"https:\/\/eurotherm.eu\/de\/wp-json\/wp\/v2\/media?parent=50513"}],"wp:term":[{"taxonomy":"category","embeddable":true,"href":"https:\/\/eurotherm.eu\/de\/wp-json\/wp\/v2\/categories?post=50513"},{"taxonomy":"post_tag","embeddable":true,"href":"https:\/\/eurotherm.eu\/de\/wp-json\/wp\/v2\/tags?post=50513"}],"curies":[{"name":"wp","href":"https:\/\/api.w.org\/{rel}","templated":true}]}}