{"id":50435,"date":"2022-09-30T13:39:30","date_gmt":"2022-09-30T11:39:30","guid":{"rendered":"https:\/\/eurotherm.eu\/regalcontainer-zur-lacklagerung\/"},"modified":"2025-06-13T15:46:19","modified_gmt":"2025-06-13T13:46:19","slug":"regalcontainer-zur-lacklagerung","status":"publish","type":"post","link":"https:\/\/eurotherm.eu\/de\/regalcontainer-zur-lacklagerung\/","title":{"rendered":"Regalcontainer zur Lacklagerung"},"content":{"rendered":"<p><br \/>\nEin Container zur Lacklagerung ist nicht nur <strong>gesetzlich vorgeschrieben<\/strong>, sondern auch notwendig, um die Lacke bestm\u00f6glich zu lagern.<\/p>\n<p><strong>F\u00fcr das Unternehmen<\/strong>, das uns den Auftrag f\u00fcr diesen Container erteilt hat, <strong>brachte das folgende Ergebnisse<\/strong>:<\/p>\n<ul>\n<li>eine sauberere Arbeitsumgebung,<\/li>\n<li>keine Freisetzung von Schadstoffen in die Umwelt,<\/li>\n<li>keine Verbrennungsgefahr,<\/li>\n<li>Lacke, die stets die beste Qualit\u00e4t und folglich ein erstklassiges Endergebnis gew\u00e4hrleisten.<\/li>\n<\/ul>\n<p>Die Wanne unterhalb des Containers ist in der Lage, versehentlich versch\u00fcttete Fl\u00fcssigkeiten aufzufangen, das Frostschutzsystem sorgt f\u00fcr eine gute Temperaturbest\u00e4ndigkeit und die Brandschutzklappen <strong>gew\u00e4hrleisten eine hervorragende Isolierung<\/strong>, die die Unbrennbarkeit des Produkts sicherstellen.<br \/>\n<\/p>\n<div class=\"swiper-gallery-dida\">\n<div class=\"swiper-wrapper\">\n<div class=\"swiper-slide\">\n<div class=\"respimg-cont\"><img decoding=\"async\" loading=\"lazy\" src=\"https:\/\/eurotherm.eu\/wp-content\/uploads\/2022\/09\/container-stoccaggio-vernici-773x1030.jpg\" alt=\"Eurotherm\" title=\"Eurotherm\"><\/div>\n<\/div>\n<div class=\"swiper-slide\">\n<div class=\"respimg-cont\"><img decoding=\"async\" loading=\"lazy\" src=\"https:\/\/eurotherm.eu\/wp-content\/uploads\/2022\/09\/container-stoccaggio-773x1030.jpg\" alt=\"Eurotherm\" title=\"Eurotherm\"><\/div>\n<\/div>\n<div class=\"swiper-slide\">\n<div class=\"respimg-cont\"><img decoding=\"async\" loading=\"lazy\" src=\"https:\/\/eurotherm.eu\/wp-content\/uploads\/2022\/09\/container-stoccaggio-vernici-eurotherm-773x1030.jpg\" alt=\"Eurotherm\" title=\"Eurotherm\"><\/div>\n<\/div>\n<\/div>\n<\/div>\n<p><\/p>\n<h2>Woraus besteht der Container zur Lacklagerung?<\/h2>\n<ul>\n<li>Schiebetore;<\/li>\n<li>interne wasserdichte Sicherheitswanne zum Auffangen versch\u00fctteter Fl\u00fcssigkeiten;<\/li>\n<li>interne elektrische Frostschutzheizung;<\/li>\n<li>Brandschutzklappen;<\/li>\n<li>Luftabsaugung;<\/li>\n<li>Regal mit zwei Lagerebenen.<\/li>\n<\/ul>\n<p><\/p>\n","protected":false},"excerpt":{"rendered":"<p>Ein Container zur Lacklagerung ist nicht nur gesetzlich vorgeschrieben, sondern auch notwendig, um die Lacke bestm\u00f6glich zu lagern. F\u00fcr das Unternehmen, das uns den Auftrag f\u00fcr diesen Container erteilt hat, brachte das folgende Ergebnisse: eine sauberere Arbeitsumgebung, keine Freisetzung von Schadstoffen in die Umwelt, keine Verbrennungsgefahr, Lacke, die stets die beste Qualit\u00e4t und folglich ein [&hellip;]<\/p>\n","protected":false},"author":5,"featured_media":17332,"comment_status":"open","ping_status":"open","sticky":false,"template":"","format":"standard","meta":{"_acf_changed":false,"footnotes":""},"categories":[226],"tags":[],"class_list":["post-50435","post","type-post","status-publish","format-standard","has-post-thumbnail","hentry","category-neuinstallationen"],"acf":[],"_links":{"self":[{"href":"https:\/\/eurotherm.eu\/de\/wp-json\/wp\/v2\/posts\/50435","targetHints":{"allow":["GET"]}}],"collection":[{"href":"https:\/\/eurotherm.eu\/de\/wp-json\/wp\/v2\/posts"}],"about":[{"href":"https:\/\/eurotherm.eu\/de\/wp-json\/wp\/v2\/types\/post"}],"author":[{"embeddable":true,"href":"https:\/\/eurotherm.eu\/de\/wp-json\/wp\/v2\/users\/5"}],"replies":[{"embeddable":true,"href":"https:\/\/eurotherm.eu\/de\/wp-json\/wp\/v2\/comments?post=50435"}],"version-history":[{"count":1,"href":"https:\/\/eurotherm.eu\/de\/wp-json\/wp\/v2\/posts\/50435\/revisions"}],"predecessor-version":[{"id":51775,"href":"https:\/\/eurotherm.eu\/de\/wp-json\/wp\/v2\/posts\/50435\/revisions\/51775"}],"wp:featuredmedia":[{"embeddable":true,"href":"https:\/\/eurotherm.eu\/de\/wp-json\/wp\/v2\/media\/17332"}],"wp:attachment":[{"href":"https:\/\/eurotherm.eu\/de\/wp-json\/wp\/v2\/media?parent=50435"}],"wp:term":[{"taxonomy":"category","embeddable":true,"href":"https:\/\/eurotherm.eu\/de\/wp-json\/wp\/v2\/categories?post=50435"},{"taxonomy":"post_tag","embeddable":true,"href":"https:\/\/eurotherm.eu\/de\/wp-json\/wp\/v2\/tags?post=50435"}],"curies":[{"name":"wp","href":"https:\/\/api.w.org\/{rel}","templated":true}]}}