{"id":50425,"date":"2022-06-21T09:25:50","date_gmt":"2022-06-21T07:25:50","guid":{"rendered":"https:\/\/eurotherm.eu\/restyling-lackieranlage\/"},"modified":"2025-06-13T15:46:12","modified_gmt":"2025-06-13T13:46:12","slug":"restyling-lackieranlage","status":"publish","type":"post","link":"https:\/\/eurotherm.eu\/de\/restyling-lackieranlage\/","title":{"rendered":"Restyling Lackieranlage: Qualit\u00e4t, Leistung und Energieeinsparung"},"content":{"rendered":"<p><br \/>\nF\u00fcr ein Unternehmen von grundlegender Bedeutung in der Welt der Qualit\u00e4tslackierung war es an der Zeit, die Anlage zu renovieren. Das Restyling wurde haupts\u00e4chlich von zwei Bed\u00fcrfnissen bestimmt:<\/p>\n<ul>\n<li>\u00dcber \u00d6fen zu verf\u00fcgen, <strong>welche h\u00f6here Temperaturen erreichen<\/strong>,<\/li>\n<li><a href=\"https:\/\/eurotherm.eu\/de\/niedrigenergie-lackieranlagen\/\" target=\"_blank\" rel=\"noopener\"><strong><u>Energieeinsparung<\/u><\/strong><\/a><strong> anstreben<\/strong>.<\/li>\n<\/ul>\n<p>Der zweite Punkt betrifft eine unserer St\u00e4rken, die Eurotherm in den letzten Jahren nicht nur f\u00fcr Einsparungen in wirtschaftlicher Hinsicht, sondern auch f\u00fcr \u00f6kologische Nachhaltigkeit durchgef\u00fchrt hat.<\/p>\n<p>Unter diesen Voraussetzungen haben wir einen Teil der alten Lackieranlage demontiert, genau mit dem Ziel, die Qualit\u00e4t und Nachhaltigkeit der neuen Anlage \u00fcber Jahre hinweg zu erhalten.<\/p>\n<p>Das automatische F\u00f6rdersystem der alten Linie wurde beibehalten, w\u00e4hrend wir <strong>den Haftwassertrockner und den Pulvereinbrennofen mit 200 \u00b0 C komplett ersetzt haben.<\/strong><\/p>\n<p>Bei beiden neuen \u00d6fen hat sich das Unternehmen entschieden, von der Brennkammer auf die <strong>direkte Beflammung<\/strong> umzustellen, um Energie zu sparen und weil die bestehenden \u00d6fen mit dem altem Konzept nicht in der Lage waren, die f\u00fcr das neue Verfahren erforderliche Temperatur zu erreichen.<br \/>\n<\/p>\n<p>[av_codeblock wrapper_element=&#8220; wrapper_element_attributes=&#8220; codeblock_type=&#8220; alb_description=&#8220; id=&#8220; custom_class=&#8220; template_class=&#8220; av_uid=&#8217;av-l4r5t8tp&#8216; sc_version=&#8217;1.0&#8242;]<br \/>\n[twenty20 img1=&#8220;16942&#8243; img2=&#8220;16946&#8243; width=&#8220;100%&#8220; offset=&#8220;0.5&#8243; before=&#8220;Before&#8220; after=&#8220;After&#8220;]<br \/>\n[\/av_codeblock]<\/p>\n<p><\/p>\n<h2>Verk\u00fcrzung der Bearbeitungszeiten und Energieeinsparung<\/h2>\n<p>Um die Prozesszeiten zu verk\u00fcrzen, haben wir vor dem Einbrennofen <strong>einen IR-Gas-Vorgelierofen vorgeschaltet<\/strong>: Auf diese Weise ist es au\u00dferdem f\u00fcr die Behandlung d\u00fcnnerer Bleche ausreichend, nur den IR-Ofen f\u00fcr die Polymerisation zu verwenden und den traditionellen Ofen auszuschalten, was zu weiteren Energieeinsparungen f\u00fchrt.<\/p>\n<p><em>Das Ergebnis? Wir haben die Liniengeschwindigkeit von 1-1,2 m \/ min auf 2 m \/ min erh\u00f6ht: <strong>Verdoppelung der Geschwindigkeit des gesamten Pulverbeschichtungsprozesses<\/strong> bei gleichzeitiger erheblicher Energieeinsparung.<\/em><br \/>\n<\/p>\n<div class=\"swiper-gallery-dida\">\n<div class=\"swiper-wrapper\">\n<div class=\"swiper-slide\">\n<div class=\"respimg-cont\"><img decoding=\"async\" loading=\"lazy\" src=\"https:\/\/eurotherm.eu\/wp-content\/uploads\/2022\/06\/IR-Curing-Oven-803x1030.jpg\" alt=\"Eurotherm\" title=\"Eurotherm\"><\/div>\n<\/div>\n<div class=\"swiper-slide\">\n<div class=\"respimg-cont\"><img decoding=\"async\" loading=\"lazy\" src=\"https:\/\/eurotherm.eu\/wp-content\/uploads\/2022\/06\/Drying-oven-624x1030.jpg\" alt=\"Eurotherm\" title=\"Eurotherm\"><\/div>\n<\/div>\n<div class=\"swiper-slide\">\n<div class=\"respimg-cont\"><img decoding=\"async\" loading=\"lazy\" src=\"https:\/\/eurotherm.eu\/wp-content\/uploads\/2022\/06\/Inside-drying-oven-1030x773.jpg\" alt=\"Eurotherm\" title=\"Eurotherm\"><\/div>\n<\/div>\n<div class=\"swiper-slide\">\n<div class=\"respimg-cont\"><img decoding=\"async\" loading=\"lazy\" src=\"https:\/\/eurotherm.eu\/wp-content\/uploads\/2022\/06\/Control-Panel-Industry-4.0-ready-1030x657.jpg\" alt=\"Eurotherm\" title=\"Eurotherm\"><\/div>\n<\/div>\n<div class=\"swiper-slide\">\n<div class=\"respimg-cont\"><img decoding=\"async\" loading=\"lazy\" src=\"https:\/\/eurotherm.eu\/wp-content\/uploads\/2022\/06\/Control-Panel-Energy-Consumption-1030x676.jpg\" alt=\"Eurotherm\" title=\"Eurotherm\"><\/div>\n<\/div>\n<\/div>\n<\/div>\n","protected":false},"excerpt":{"rendered":"<p>F\u00fcr ein Unternehmen von grundlegender Bedeutung in der Welt der Qualit\u00e4tslackierung war es an der Zeit, die Anlage zu renovieren. Das Restyling wurde haupts\u00e4chlich von zwei Bed\u00fcrfnissen bestimmt: \u00dcber \u00d6fen zu verf\u00fcgen, welche h\u00f6here Temperaturen erreichen, Energieeinsparung anstreben. Der zweite Punkt betrifft eine unserer St\u00e4rken, die Eurotherm in den letzten Jahren nicht nur f\u00fcr Einsparungen [&hellip;]<\/p>\n","protected":false},"author":5,"featured_media":16895,"comment_status":"open","ping_status":"open","sticky":false,"template":"","format":"standard","meta":{"_acf_changed":false,"footnotes":""},"categories":[226],"tags":[],"class_list":["post-50425","post","type-post","status-publish","format-standard","has-post-thumbnail","hentry","category-neuinstallationen"],"acf":[],"_links":{"self":[{"href":"https:\/\/eurotherm.eu\/de\/wp-json\/wp\/v2\/posts\/50425","targetHints":{"allow":["GET"]}}],"collection":[{"href":"https:\/\/eurotherm.eu\/de\/wp-json\/wp\/v2\/posts"}],"about":[{"href":"https:\/\/eurotherm.eu\/de\/wp-json\/wp\/v2\/types\/post"}],"author":[{"embeddable":true,"href":"https:\/\/eurotherm.eu\/de\/wp-json\/wp\/v2\/users\/5"}],"replies":[{"embeddable":true,"href":"https:\/\/eurotherm.eu\/de\/wp-json\/wp\/v2\/comments?post=50425"}],"version-history":[{"count":1,"href":"https:\/\/eurotherm.eu\/de\/wp-json\/wp\/v2\/posts\/50425\/revisions"}],"predecessor-version":[{"id":51761,"href":"https:\/\/eurotherm.eu\/de\/wp-json\/wp\/v2\/posts\/50425\/revisions\/51761"}],"wp:featuredmedia":[{"embeddable":true,"href":"https:\/\/eurotherm.eu\/de\/wp-json\/wp\/v2\/media\/16895"}],"wp:attachment":[{"href":"https:\/\/eurotherm.eu\/de\/wp-json\/wp\/v2\/media?parent=50425"}],"wp:term":[{"taxonomy":"category","embeddable":true,"href":"https:\/\/eurotherm.eu\/de\/wp-json\/wp\/v2\/categories?post=50425"},{"taxonomy":"post_tag","embeddable":true,"href":"https:\/\/eurotherm.eu\/de\/wp-json\/wp\/v2\/tags?post=50425"}],"curies":[{"name":"wp","href":"https:\/\/api.w.org\/{rel}","templated":true}]}}