{"id":50365,"date":"2021-10-13T21:01:58","date_gmt":"2021-10-13T19:01:58","guid":{"rendered":"https:\/\/eurotherm.eu\/temperofen-fuer-autoscheinwerfer\/"},"modified":"2025-06-13T15:45:40","modified_gmt":"2025-06-13T13:45:40","slug":"temperofen-fuer-autoscheinwerfer","status":"publish","type":"post","link":"https:\/\/eurotherm.eu\/de\/temperofen-fuer-autoscheinwerfer\/","title":{"rendered":"Temperofen f\u00fcr Autoscheinwerfer"},"content":{"rendered":"<div class=\"swiper-gallery-dida\">\n<div class=\"swiper-wrapper\">\n<div class=\"swiper-slide\">\n<div class=\"respimg-cont\"><img decoding=\"async\" loading=\"lazy\" src=\"https:\/\/eurotherm.eu\/wp-content\/uploads\/2021\/10\/1-Annealing-oven-773x1030.jpg\" alt=\"Eurotherm\" title=\"Eurotherm\"><\/div>\n<\/div>\n<div class=\"swiper-slide\">\n<div class=\"respimg-cont\"><img decoding=\"async\" loading=\"lazy\" src=\"https:\/\/eurotherm.eu\/wp-content\/uploads\/2021\/10\/2-Loading-trays-annealing-oven-773x1030.jpg\" alt=\"Eurotherm\" title=\"Eurotherm\"><\/div>\n<\/div>\n<div class=\"swiper-slide\">\n<div class=\"respimg-cont\"><img decoding=\"async\" loading=\"lazy\" src=\"https:\/\/eurotherm.eu\/wp-content\/uploads\/2021\/10\/3-Annealing-oven-773x1030.jpg\" alt=\"Eurotherm\" title=\"Eurotherm\"><\/div>\n<\/div>\n<div class=\"swiper-slide\">\n<div class=\"respimg-cont\"><img decoding=\"async\" loading=\"lazy\" src=\"https:\/\/eurotherm.eu\/wp-content\/uploads\/2021\/10\/4-Rails-supporting-structure-for-annealing-oven-and-conveyor-system-773x1030.jpg\" alt=\"Eurotherm\" title=\"Eurotherm\"><\/div>\n<\/div>\n<div class=\"swiper-slide\">\n<div class=\"respimg-cont\"><img decoding=\"async\" loading=\"lazy\" src=\"https:\/\/eurotherm.eu\/wp-content\/uploads\/2021\/10\/5-Annealing-oven-601x1030.jpg\" alt=\"Eurotherm\" title=\"Eurotherm\"><\/div>\n<\/div>\n<\/div>\n<\/div>\n<p>F\u00fcr ein weltweit t\u00e4tiges Unternehmen der Automobilbranche haben wir einen speziellen Temperofen f\u00fcr Fahrzeugscheinwerfer konstruiert, produziert und montiert.<\/p>\n<p>Es handelt sich um einen 27 Meter langen Ofen, welcher 3,5 Meter \u00fcber dem Boden installiert ist. Im Inneren werden die zu behandelnden Bauteile mittels automatischem F\u00f6rdersystem transportiert.<\/p>\n","protected":false},"excerpt":{"rendered":"<p>F\u00fcr ein weltweit t\u00e4tiges Unternehmen der Automobilbranche haben wir einen speziellen Temperofen f\u00fcr Fahrzeugscheinwerfer konstruiert, produziert und montiert. Es handelt sich um einen 27 Meter langen Ofen, welcher 3,5 Meter \u00fcber dem Boden installiert ist. Im Inneren werden die zu behandelnden Bauteile mittels automatischem F\u00f6rdersystem transportiert.<\/p>\n","protected":false},"author":5,"featured_media":14129,"comment_status":"open","ping_status":"open","sticky":false,"template":"","format":"standard","meta":{"_acf_changed":false,"footnotes":""},"categories":[226],"tags":[],"class_list":["post-50365","post","type-post","status-publish","format-standard","has-post-thumbnail","hentry","category-neuinstallationen"],"acf":[],"_links":{"self":[{"href":"https:\/\/eurotherm.eu\/de\/wp-json\/wp\/v2\/posts\/50365","targetHints":{"allow":["GET"]}}],"collection":[{"href":"https:\/\/eurotherm.eu\/de\/wp-json\/wp\/v2\/posts"}],"about":[{"href":"https:\/\/eurotherm.eu\/de\/wp-json\/wp\/v2\/types\/post"}],"author":[{"embeddable":true,"href":"https:\/\/eurotherm.eu\/de\/wp-json\/wp\/v2\/users\/5"}],"replies":[{"embeddable":true,"href":"https:\/\/eurotherm.eu\/de\/wp-json\/wp\/v2\/comments?post=50365"}],"version-history":[{"count":1,"href":"https:\/\/eurotherm.eu\/de\/wp-json\/wp\/v2\/posts\/50365\/revisions"}],"predecessor-version":[{"id":51700,"href":"https:\/\/eurotherm.eu\/de\/wp-json\/wp\/v2\/posts\/50365\/revisions\/51700"}],"wp:featuredmedia":[{"embeddable":true,"href":"https:\/\/eurotherm.eu\/de\/wp-json\/wp\/v2\/media\/14129"}],"wp:attachment":[{"href":"https:\/\/eurotherm.eu\/de\/wp-json\/wp\/v2\/media?parent=50365"}],"wp:term":[{"taxonomy":"category","embeddable":true,"href":"https:\/\/eurotherm.eu\/de\/wp-json\/wp\/v2\/categories?post=50365"},{"taxonomy":"post_tag","embeddable":true,"href":"https:\/\/eurotherm.eu\/de\/wp-json\/wp\/v2\/tags?post=50365"}],"curies":[{"name":"wp","href":"https:\/\/api.w.org\/{rel}","templated":true}]}}