{"id":49858,"date":"2025-01-17T15:55:40","date_gmt":"2025-01-17T14:55:40","guid":{"rendered":"https:\/\/eurotherm.eu\/eurotherm-paris-packaging-week-2025\/"},"modified":"2025-06-20T10:51:08","modified_gmt":"2025-06-20T08:51:08","slug":"eurotherm-paris-packaging-week-2025","status":"publish","type":"post","link":"https:\/\/eurotherm.eu\/de\/eurotherm-paris-packaging-week-2025\/","title":{"rendered":"Eurotherm @ Paris Packaging Week 2025"},"content":{"rendered":"<p><br \/>\nDer Termin ist f\u00fcr den <strong>28. und 29. Januar 2025 auf der Paris Expo Porte de Versailles<\/strong> vorgesehen: Hier findet die <strong>Paris Packaging Week<\/strong> statt, eine der wichtigsten internationalen Veranstaltungen, die ausschlie\u00dflich dem Verpackungssektor gewidmet ist und bei der Eurotherm France an vorderster Front vertreten sein wird.<\/p>\n<p>Die Paris Packaging Week ist der Treffpunkt der Verpackungsbranche, ein Ort, an dem Design, Innovation und Nachhaltigkeit zusammenkommen, um die Zukunft der Produktverpackung zu definieren. Ein Ort, der sich als Plattform f\u00fcr den Gedankenaustausch pr\u00e4sentiert, den wir uns nicht entgehen lassen durften.<\/p>\n<p>W\u00e4hrend der Veranstaltung pr\u00e4sentieren wir innovative L\u00f6sungen speziell f\u00fcr die Verpackungsbranche, mit besonderem Schwerpunkt auf <strong>Effizienz, Automatisierung, Nachhaltigkeit<\/strong> und Individualisierung. W\u00e4hrend fortschrittliche Technologien die Produktionsprozesse optimieren und die Kosten senken k\u00f6nnen, passen sich die ma\u00dfgeschneiderten Systeme von Eurotherm den spezifischen Anforderungen jedes einzelnen Kunden an und gew\u00e4hrleisten so die Qualit\u00e4t jeder Lackierphase.<\/p>\n<p>Sie finden uns hier: <strong>Stand D180 <\/strong><\/p>\n<p><img loading=\"lazy\" decoding=\"async\" class=\"alignnone size-full wp-image-21578\" src=\"https:\/\/eurotherm.eu\/wp-content\/uploads\/2025\/01\/stand-1.jpg\" alt=\"Eurotherm\" width=\"800\" height=\"420\" title=\"Eurotherm\" srcset=\"https:\/\/eurotherm.eu\/wp-content\/uploads\/2025\/01\/stand-1.jpg 800w, https:\/\/eurotherm.eu\/wp-content\/uploads\/2025\/01\/stand-1-300x158.jpg 300w, https:\/\/eurotherm.eu\/wp-content\/uploads\/2025\/01\/stand-1-768x403.jpg 768w, https:\/\/eurotherm.eu\/wp-content\/uploads\/2025\/01\/stand-1-705x370.jpg 705w\" sizes=\"auto, (max-width: 800px) 100vw, 800px\" \/><br \/>\n<\/p>\n<div class=\"swiper-gallery-dida\">\n<div class=\"swiper-wrapper\"><\/div>\n<\/div>\n","protected":false},"excerpt":{"rendered":"<p>Der Termin ist f\u00fcr den 28. und 29. Januar 2025 auf der Paris Expo Porte de Versailles vorgesehen: Hier findet die Paris Packaging Week statt, eine der wichtigsten internationalen Veranstaltungen, die ausschlie\u00dflich dem Verpackungssektor gewidmet ist und bei der Eurotherm France an vorderster Front vertreten sein wird. Die Paris Packaging Week ist der Treffpunkt der [&hellip;]<\/p>\n","protected":false},"author":5,"featured_media":52170,"comment_status":"open","ping_status":"open","sticky":false,"template":"","format":"standard","meta":{"_acf_changed":false,"footnotes":""},"categories":[209],"tags":[],"class_list":["post-49858","post","type-post","status-publish","format-standard","has-post-thumbnail","hentry","category-veranstaltung"],"acf":[],"_links":{"self":[{"href":"https:\/\/eurotherm.eu\/de\/wp-json\/wp\/v2\/posts\/49858","targetHints":{"allow":["GET"]}}],"collection":[{"href":"https:\/\/eurotherm.eu\/de\/wp-json\/wp\/v2\/posts"}],"about":[{"href":"https:\/\/eurotherm.eu\/de\/wp-json\/wp\/v2\/types\/post"}],"author":[{"embeddable":true,"href":"https:\/\/eurotherm.eu\/de\/wp-json\/wp\/v2\/users\/5"}],"replies":[{"embeddable":true,"href":"https:\/\/eurotherm.eu\/de\/wp-json\/wp\/v2\/comments?post=49858"}],"version-history":[{"count":2,"href":"https:\/\/eurotherm.eu\/de\/wp-json\/wp\/v2\/posts\/49858\/revisions"}],"predecessor-version":[{"id":52269,"href":"https:\/\/eurotherm.eu\/de\/wp-json\/wp\/v2\/posts\/49858\/revisions\/52269"}],"wp:featuredmedia":[{"embeddable":true,"href":"https:\/\/eurotherm.eu\/de\/wp-json\/wp\/v2\/media\/52170"}],"wp:attachment":[{"href":"https:\/\/eurotherm.eu\/de\/wp-json\/wp\/v2\/media?parent=49858"}],"wp:term":[{"taxonomy":"category","embeddable":true,"href":"https:\/\/eurotherm.eu\/de\/wp-json\/wp\/v2\/categories?post=49858"},{"taxonomy":"post_tag","embeddable":true,"href":"https:\/\/eurotherm.eu\/de\/wp-json\/wp\/v2\/tags?post=49858"}],"curies":[{"name":"wp","href":"https:\/\/api.w.org\/{rel}","templated":true}]}}