{"id":49834,"date":"2024-03-12T07:06:37","date_gmt":"2024-03-12T06:06:37","guid":{"rendered":"https:\/\/eurotherm.eu\/eurotherm-france-global-industrie-paris-2024\/"},"modified":"2025-06-03T17:56:27","modified_gmt":"2025-06-03T15:56:27","slug":"eurotherm-france-global-industrie-paris-2024","status":"publish","type":"post","link":"https:\/\/eurotherm.eu\/de\/eurotherm-france-global-industrie-paris-2024\/","title":{"rendered":"Eurotherm France @ Global Industrie Paris 2024"},"content":{"rendered":"<p>Vom 25. bis 28. M\u00e4rz wird Eurotherm France auf der <a href=\"https:\/\/www.global-industrie.com\/en\/home\" target=\"_blank\" rel=\"noopener\">Global Industrie Paris 2024<\/a> vertreten sein. Die in Paris Nord Villepinte organisierte Messe stellt ein wichtiges Schaufenster f\u00fcr Unternehmen aus aller Welt dar, nicht nur um ihre L\u00f6sungen vorzustellen, sondern auch um \u00fcber <strong>Reindustrialisierung <\/strong>zu sprechen.<\/p>\n<p>Global Industrie wurde im Zeichen des Stolzes der Branchenteilnehmer ins Leben gerufen, um hervorzuheben, wie wichtig die Industrie im t\u00e4glichen Leben der Menschen ist, aber auch, wie viel wir gemeinsam f\u00fcr die <strong>Industrie von morgen<\/strong> tun k\u00f6nnen.<\/p>\n<p>Es ist kein Zufall, dass die Veranstaltung von <strong>Emmanuel Macron gesponsert<\/strong> wird, als Beweis f\u00fcr die institutionellen Ma\u00dfnahmen, die zugunsten des Sektors ergriffen wurden. Auch der f\u00fcr die Industrie delegierte Minister wird anwesend sein.<\/p>\n<p>Die Themen dieser Ausgabe werden der \u00f6kologische Wandel, die Attraktivit\u00e4t des Sektors, territoriale Umsiedlungen, die Kreislaufwirtschaft, aber auch soziale Verantwortung, Finanzierung und Industrie 5.0 sein.<\/p>\n<p>Wir sehen uns hier: Paris Nord Villepinte, Frankreich, <strong>Halle 6, Stand 6P25<\/strong><\/p>\n<p><img loading=\"lazy\" decoding=\"async\" class=\"alignnone size-large wp-image-19817\" src=\"https:\/\/eurotherm.eu\/wp-content\/uploads\/2024\/02\/Global-Industrie-2024_01a_v-824x1030.jpg\" alt=\"Eurotherm\" width=\"824\" height=\"1030\" title=\"Eurotherm\" srcset=\"https:\/\/eurotherm.eu\/wp-content\/uploads\/2024\/02\/Global-Industrie-2024_01a_v-824x1030.jpg 824w, https:\/\/eurotherm.eu\/wp-content\/uploads\/2024\/02\/Global-Industrie-2024_01a_v-240x300.jpg 240w, https:\/\/eurotherm.eu\/wp-content\/uploads\/2024\/02\/Global-Industrie-2024_01a_v-768x960.jpg 768w, https:\/\/eurotherm.eu\/wp-content\/uploads\/2024\/02\/Global-Industrie-2024_01a_v-564x705.jpg 564w, https:\/\/eurotherm.eu\/wp-content\/uploads\/2024\/02\/Global-Industrie-2024_01a_v.jpg 1080w\" sizes=\"auto, (max-width: 824px) 100vw, 824px\" \/><\/p>\n","protected":false},"excerpt":{"rendered":"<p>Vom 25. bis 28. M\u00e4rz wird Eurotherm France auf der Global Industrie Paris 2024 vertreten sein. Die in Paris Nord Villepinte organisierte Messe stellt ein wichtiges Schaufenster f\u00fcr Unternehmen aus aller Welt dar, nicht nur um ihre L\u00f6sungen vorzustellen, sondern auch um \u00fcber Reindustrialisierung zu sprechen. Global Industrie wurde im Zeichen des Stolzes der Branchenteilnehmer [&hellip;]<\/p>\n","protected":false},"author":5,"featured_media":32483,"comment_status":"open","ping_status":"open","sticky":false,"template":"","format":"standard","meta":{"_acf_changed":false,"footnotes":""},"categories":[209],"tags":[],"class_list":["post-49834","post","type-post","status-publish","format-standard","has-post-thumbnail","hentry","category-veranstaltung"],"acf":[],"_links":{"self":[{"href":"https:\/\/eurotherm.eu\/de\/wp-json\/wp\/v2\/posts\/49834","targetHints":{"allow":["GET"]}}],"collection":[{"href":"https:\/\/eurotherm.eu\/de\/wp-json\/wp\/v2\/posts"}],"about":[{"href":"https:\/\/eurotherm.eu\/de\/wp-json\/wp\/v2\/types\/post"}],"author":[{"embeddable":true,"href":"https:\/\/eurotherm.eu\/de\/wp-json\/wp\/v2\/users\/5"}],"replies":[{"embeddable":true,"href":"https:\/\/eurotherm.eu\/de\/wp-json\/wp\/v2\/comments?post=49834"}],"version-history":[{"count":2,"href":"https:\/\/eurotherm.eu\/de\/wp-json\/wp\/v2\/posts\/49834\/revisions"}],"predecessor-version":[{"id":52253,"href":"https:\/\/eurotherm.eu\/de\/wp-json\/wp\/v2\/posts\/49834\/revisions\/52253"}],"wp:featuredmedia":[{"embeddable":true,"href":"https:\/\/eurotherm.eu\/de\/wp-json\/wp\/v2\/media\/32483"}],"wp:attachment":[{"href":"https:\/\/eurotherm.eu\/de\/wp-json\/wp\/v2\/media?parent=49834"}],"wp:term":[{"taxonomy":"category","embeddable":true,"href":"https:\/\/eurotherm.eu\/de\/wp-json\/wp\/v2\/categories?post=49834"},{"taxonomy":"post_tag","embeddable":true,"href":"https:\/\/eurotherm.eu\/de\/wp-json\/wp\/v2\/tags?post=49834"}],"curies":[{"name":"wp","href":"https:\/\/api.w.org\/{rel}","templated":true}]}}