{"id":49800,"date":"2023-10-19T14:31:53","date_gmt":"2023-10-19T12:31:53","guid":{"rendered":"https:\/\/eurotherm.eu\/eurotherm-pe-milano-coating-days-2023\/"},"modified":"2025-06-20T11:01:44","modified_gmt":"2025-06-20T09:01:44","slug":"eurotherm-pe-milano-coating-days-2023","status":"publish","type":"post","link":"https:\/\/eurotherm.eu\/de\/eurotherm-pe-milano-coating-days-2023\/","title":{"rendered":"Eurotherm @ P&#038;E Milano Coating Days 2023"},"content":{"rendered":"<p><br \/>\nVom 25. bis 26. Oktober sind wir bei den <strong><u>P&amp;E Milano Coating Days<\/u><\/strong> vertreten, um an einer einzigartigen Veranstaltung teilzunehmen, die einen vollst\u00e4ndigen \u00dcberblick \u00fcber technologische Innovationen im Bereich der Oberfl\u00e4chenbehandlungen bietet.<\/p>\n<p><strong>Innovation, technologische Exzellenz und umweltfreundliche Entwicklungen<\/strong> geh\u00f6ren zu den Hauptthemen, die w\u00e4hrend der P&amp;E Milano Coating Days behandelt werden, und aus diesen Gr\u00fcnden konnten wir es nicht vers\u00e4umen, an der Spitze zu stehen.<br \/>\n<\/p>\n<p><\/p>\n<h2>P&amp;E Milano Coating Days<\/h2>\n<p>Die j\u00e4hrliche P&amp;E Milano Coating Days-Veranstaltung ist <strong>eine unverzichtbare Gelegenheit, unser Wissen zu teilen<\/strong> und mit den neuesten Innovationen, Trends und zuk\u00fcnftigen Entwicklungen in der Welt der industriellen Veredelung in Kontakt zu treten.<\/p>\n<p>Der exklusive Veranstaltungsort ist das <strong>Nationalmuseum f\u00fcr Wissenschaft und Technologie von Mailand \u201eLeonardo da VInci\u201c<\/strong>, was den Zweck der Veranstaltung perfekt widerspiegelt: Technologische Innovation ist nie allein, sondern erfordert maximales Wissen f\u00fcr die richtige Anwendung.<\/p>\n<p>Immer effizientere Industriebeschichtungen, aber auch <strong>Nachhaltigkeit, Analyse der Grenzen neuer Technologien, Digitalisierung, Trends, Untersuchung von Zukunftsszenarien und Vernetzungsr\u00e4ume<\/strong>, um gemeinsam die Zukunft der Innovation im Bereich der industriellen Veredelung zu gestalten.<\/p>\n<p>Im Rahmen der Veranstaltung findet auch die <strong>nationale Konferenz \u00fcber Vorbehandlungs-Nanotechnologien<\/strong> statt, bei der dank der Zusammenarbeit mit einigen Universit\u00e4tsprofessoren nanotechnologische Produkte entwickelt werden, die Korrosion widerstehen, die Lackhaftung verbessern und dank der Abwesenheit von Schwermetallen die Umweltbelastung verringern.<br \/>\n<\/p>\n<p><\/p>\n<h2>Hybrid\u00f6fen und Energieeinsparungen: die Rede von Paolo Ghiazza<\/h2>\n<p>Angesichts der immer dringender werdenden Notwendigkeit, Energie zu sparen, wird Paolo Ghiazza am <strong>Mittwoch, den 25., um 13.50 Uhr<\/strong> einen Vortrag zum Thema <u>Hybrid\u00f6fen<\/u> halten und dabei aus erster Hand die von uns umgesetzten technologischen Innovationen demonstrieren, die diesen Sektor revolutionieren.<\/p>\n<p>Sehen wir uns in Mailand?<br \/>\n<\/p>\n<div class=\"respimg-cont\"><img decoding=\"async\" loading=\"lazy\" src=\"https:\/\/eurotherm.eu\/wp-content\/uploads\/2023\/10\/banner_300x250_2023.jpg\" alt=\"Eurotherm\" title=\"Eurotherm\"><\/div>\n","protected":false},"excerpt":{"rendered":"<p>Vom 25. bis 26. Oktober sind wir bei den P&amp;E Milano Coating Days vertreten, um an einer einzigartigen Veranstaltung teilzunehmen, die einen vollst\u00e4ndigen \u00dcberblick \u00fcber technologische Innovationen im Bereich der Oberfl\u00e4chenbehandlungen bietet. Innovation, technologische Exzellenz und umweltfreundliche Entwicklungen geh\u00f6ren zu den Hauptthemen, die w\u00e4hrend der P&amp;E Milano Coating Days behandelt werden, und aus diesen Gr\u00fcnden [&hellip;]<\/p>\n","protected":false},"author":5,"featured_media":52200,"comment_status":"open","ping_status":"open","sticky":false,"template":"","format":"standard","meta":{"_acf_changed":false,"footnotes":""},"categories":[209],"tags":[],"class_list":["post-49800","post","type-post","status-publish","format-standard","has-post-thumbnail","hentry","category-veranstaltung"],"acf":[],"_links":{"self":[{"href":"https:\/\/eurotherm.eu\/de\/wp-json\/wp\/v2\/posts\/49800","targetHints":{"allow":["GET"]}}],"collection":[{"href":"https:\/\/eurotherm.eu\/de\/wp-json\/wp\/v2\/posts"}],"about":[{"href":"https:\/\/eurotherm.eu\/de\/wp-json\/wp\/v2\/types\/post"}],"author":[{"embeddable":true,"href":"https:\/\/eurotherm.eu\/de\/wp-json\/wp\/v2\/users\/5"}],"replies":[{"embeddable":true,"href":"https:\/\/eurotherm.eu\/de\/wp-json\/wp\/v2\/comments?post=49800"}],"version-history":[{"count":2,"href":"https:\/\/eurotherm.eu\/de\/wp-json\/wp\/v2\/posts\/49800\/revisions"}],"predecessor-version":[{"id":52295,"href":"https:\/\/eurotherm.eu\/de\/wp-json\/wp\/v2\/posts\/49800\/revisions\/52295"}],"wp:featuredmedia":[{"embeddable":true,"href":"https:\/\/eurotherm.eu\/de\/wp-json\/wp\/v2\/media\/52200"}],"wp:attachment":[{"href":"https:\/\/eurotherm.eu\/de\/wp-json\/wp\/v2\/media?parent=49800"}],"wp:term":[{"taxonomy":"category","embeddable":true,"href":"https:\/\/eurotherm.eu\/de\/wp-json\/wp\/v2\/categories?post=49800"},{"taxonomy":"post_tag","embeddable":true,"href":"https:\/\/eurotherm.eu\/de\/wp-json\/wp\/v2\/tags?post=49800"}],"curies":[{"name":"wp","href":"https:\/\/api.w.org\/{rel}","templated":true}]}}