{"id":49784,"date":"2023-05-24T08:13:33","date_gmt":"2023-05-24T06:13:33","guid":{"rendered":"https:\/\/eurotherm.eu\/eurotherm-eurobike-2023\/"},"modified":"2025-06-20T11:04:25","modified_gmt":"2025-06-20T09:04:25","slug":"eurotherm-eurobike-2023","status":"publish","type":"post","link":"https:\/\/eurotherm.eu\/de\/eurotherm-eurobike-2023\/","title":{"rendered":"Eurotherm @ EUROBIKE 2023"},"content":{"rendered":"<p><a href=\"https:\/\/www.eurobike.com\/en\/\" target=\"_blank\" rel=\"noopener\"><u>EUROBIKE<\/u><\/a><\/p>\n<p>ist die gr\u00f6\u00dfte Fahrradmesse Europas und die Herausforderung f\u00fcr 2023 besteht darin, <strong>den Weg in Richtung Nachhaltigkeit zu beschreiten!<\/strong><\/p>\n<p>Selbstverst\u00e4ndlich haben wir die Herausforderung, an eine Branche zu denken, <strong>die eine m\u00f6glichst nachhaltige Produktion von Fahrr\u00e4dern anstrebt<\/strong>, sofort angenommen.<br \/>\nDenn gerade durch Qualit\u00e4t ist es m\u00f6glich, den CO2-Fu\u00dfabdruck in der Produktion zu reduzieren und die \u00f6kologischen Aspekte bei der Verarbeitung von Materialien und deren Verwendung zu verbessern.<\/p>\n<p>Tats\u00e4chlich f\u00fchren h\u00f6here Qualit\u00e4tsstandards zu einer <strong>erheblichen Verl\u00e4ngerung der Lebensdauer des Fahrrads im Laufe der Zeit<\/strong> und damit zur Nachhaltigkeit eines Kaufs, der zunehmend auf dem Konzept \u201eWeniger kaufen, besser kaufen\u201c basiert.<\/p>\n<p><strong>Als Partner von <a href=\"https:\/\/www.the-sppot.com\/\" target=\"_blank\" rel=\"noopener\">the Sppot<\/a> werden wir gemeinsam mit unseren Partnern pr\u00e4sent sein<\/strong>, die in der Lage sind, den Anforderungen der neuen europ\u00e4ischen Produktionsrealit\u00e4t hin zu einer besseren Zukunft f\u00fcr den Planeten gerecht zu werden: von den Farben Green von <strong>Tiger Coatings<\/strong> bis zu den nachhaltigen Farben von <strong>Berlac<\/strong>, von den <strong>Posterama<\/strong>-Dekorationen, die f\u00fcr eine Lebensdauer von mindestens drei Jahren ausgelegt sind, \u00fcber die innovative Ausr\u00fcstung von <strong>Wagner<\/strong> bis hin zu den Atomlinien von <strong>Lesta Robotics<\/strong> und den Touch-Produkten von <strong>Duthoo<\/strong>.<\/p>\n<h2>EUROBIKE 2023 in Francoforte vom 21. bis 25. Juni<\/h2>\n<p>Vom 21. bis 25. Juni sind wir auf der EUROBIKE am Stand The Sppot vertreten, wo wir unsere Produkte integriert mit denen unserer Partner pr\u00e4sentieren werden, perfekt um den immer strengeren Qualit\u00e4tsstandards in der Fahrradwelt gerecht zu werden.<\/p>\n<p><strong><em>Sehen wir uns in Frankfurt? <\/em><\/strong><strong>Hall 8, K13<\/strong><\/p>\n<p><img loading=\"lazy\" decoding=\"async\" class=\"aligncenter wp-image-18882 size-full\" src=\"https:\/\/eurotherm.eu\/wp-content\/uploads\/2023\/05\/SIGNATURE_EUROBIKE23_EUROTHERM.jpg\" alt=\"Eurotherm\" width=\"557\" height=\"118\" title=\"Eurotherm\" srcset=\"https:\/\/eurotherm.eu\/wp-content\/uploads\/2023\/05\/SIGNATURE_EUROBIKE23_EUROTHERM.jpg 557w, https:\/\/eurotherm.eu\/wp-content\/uploads\/2023\/05\/SIGNATURE_EUROBIKE23_EUROTHERM-300x64.jpg 300w\" sizes=\"auto, (max-width: 557px) 100vw, 557px\" \/><\/p>\n","protected":false},"excerpt":{"rendered":"<p>EUROBIKE ist die gr\u00f6\u00dfte Fahrradmesse Europas und die Herausforderung f\u00fcr 2023 besteht darin, den Weg in Richtung Nachhaltigkeit zu beschreiten! Selbstverst\u00e4ndlich haben wir die Herausforderung, an eine Branche zu denken, die eine m\u00f6glichst nachhaltige Produktion von Fahrr\u00e4dern anstrebt, sofort angenommen. Denn gerade durch Qualit\u00e4t ist es m\u00f6glich, den CO2-Fu\u00dfabdruck in der Produktion zu reduzieren und [&hellip;]<\/p>\n","protected":false},"author":5,"featured_media":52210,"comment_status":"open","ping_status":"open","sticky":false,"template":"","format":"standard","meta":{"_acf_changed":false,"footnotes":""},"categories":[209],"tags":[],"class_list":["post-49784","post","type-post","status-publish","format-standard","has-post-thumbnail","hentry","category-veranstaltung"],"acf":[],"_links":{"self":[{"href":"https:\/\/eurotherm.eu\/de\/wp-json\/wp\/v2\/posts\/49784","targetHints":{"allow":["GET"]}}],"collection":[{"href":"https:\/\/eurotherm.eu\/de\/wp-json\/wp\/v2\/posts"}],"about":[{"href":"https:\/\/eurotherm.eu\/de\/wp-json\/wp\/v2\/types\/post"}],"author":[{"embeddable":true,"href":"https:\/\/eurotherm.eu\/de\/wp-json\/wp\/v2\/users\/5"}],"replies":[{"embeddable":true,"href":"https:\/\/eurotherm.eu\/de\/wp-json\/wp\/v2\/comments?post=49784"}],"version-history":[{"count":2,"href":"https:\/\/eurotherm.eu\/de\/wp-json\/wp\/v2\/posts\/49784\/revisions"}],"predecessor-version":[{"id":52302,"href":"https:\/\/eurotherm.eu\/de\/wp-json\/wp\/v2\/posts\/49784\/revisions\/52302"}],"wp:featuredmedia":[{"embeddable":true,"href":"https:\/\/eurotherm.eu\/de\/wp-json\/wp\/v2\/media\/52210"}],"wp:attachment":[{"href":"https:\/\/eurotherm.eu\/de\/wp-json\/wp\/v2\/media?parent=49784"}],"wp:term":[{"taxonomy":"category","embeddable":true,"href":"https:\/\/eurotherm.eu\/de\/wp-json\/wp\/v2\/categories?post=49784"},{"taxonomy":"post_tag","embeddable":true,"href":"https:\/\/eurotherm.eu\/de\/wp-json\/wp\/v2\/tags?post=49784"}],"curies":[{"name":"wp","href":"https:\/\/api.w.org\/{rel}","templated":true}]}}