{"id":49776,"date":"2023-03-13T10:17:52","date_gmt":"2023-03-13T09:17:52","guid":{"rendered":"https:\/\/eurotherm.eu\/eurotherm-color-trend-days-by-posterama\/"},"modified":"2025-06-20T11:05:29","modified_gmt":"2025-06-20T09:05:29","slug":"eurotherm-color-trend-days-by-posterama","status":"publish","type":"post","link":"https:\/\/eurotherm.eu\/de\/eurotherm-color-trend-days-by-posterama\/","title":{"rendered":"Eurotherm @ Color Trend Days by Posterama"},"content":{"rendered":"<p>Nach unserer Aufnahme als <a href=\"https:\/\/eurotherm.eu\/de\/neue-partnerschaft-mit-the-sppot\/\" target=\"_blank\" rel=\"noopener\"><u>strategischer Partner in die sppot<\/u><\/a>\u00a0nehmen wir am <strong>28. und 29. M\u00e4rz an den Color Trend Days von Posterama<\/strong> teil, der ersten Veranstaltung der BIG3-Reihe, die sich Farbtrends, Effekten, Design sowie Technologie Innovationen im Bereich der industriellen Veredelung von Fahrr\u00e4dern und Sportartikeln widmet.<\/p>\n<p>Das Thema der Veranstaltung? <strong>Die industrielle Veredelung der Fahrradwelt \u201enach Hause\u201c holen.<br \/>\n<\/strong>Nach jahrelangen Kompromissen mit Asien in Bezug auf Qualit\u00e4t, Kosten, Umwelt und nicht nachhaltige Logistikprozesse kehrt der Fahrradmarkt nun mit klaren Zielen nach Europa zur\u00fcck: Qualit\u00e4t, Nachhaltigkeit und vereinfachte Logistik.<\/p>\n<p>Und genau diese Linie, die der <a href=\"https:\/\/eurotherm.eu\/de\/2022-eurotherm-produktion\/\" target=\"_blank\" rel=\"noopener\"><u>Unternehmensvision von Eurotherm<\/u> <\/a>so \u00e4hnlich ist, gibt uns den Antrieb, an der Spitze der Erf\u00fcllung neuer Verbrauchererwartungen mit <strong>qualitativ hochwertigeren Produkten, innovativen Antworten und einem reduzierten CO2-Fu\u00dfabdruck<\/strong> zu stehen.<\/p>\n<p><strong><em>Sehen wir uns in den Niederlanden? <\/em><\/strong><\/p>\n<ol start=\"28\">\n<li>M\u00e4rz: Business Trend Day<\/li>\n<li>M\u00e4rz: Design Trend Day<\/li>\n<\/ol>\n<blockquote><p><strong>Kostenlose Veranstaltung mit erforderlicher Anmeldung, klicken Sie unten auf den Link.<\/strong><\/p><\/blockquote>\n<p><a href=\"https:\/\/register.the-sppot.com\/register\" target=\"_blank\" rel=\"noopener\"><img loading=\"lazy\" decoding=\"async\" class=\"alignnone size-large wp-image-18504\" src=\"https:\/\/eurotherm.eu\/wp-content\/uploads\/2023\/03\/Immagine-2023-02-20-190730-1030x581.png\" alt=\"Color Trend Days\" width=\"1030\" height=\"581\" title=\"Eurotherm\" srcset=\"https:\/\/eurotherm.eu\/wp-content\/uploads\/2023\/03\/Immagine-2023-02-20-190730-1030x581.png 1030w, https:\/\/eurotherm.eu\/wp-content\/uploads\/2023\/03\/Immagine-2023-02-20-190730-300x169.png 300w, https:\/\/eurotherm.eu\/wp-content\/uploads\/2023\/03\/Immagine-2023-02-20-190730-768x433.png 768w, https:\/\/eurotherm.eu\/wp-content\/uploads\/2023\/03\/Immagine-2023-02-20-190730-1536x866.png 1536w, https:\/\/eurotherm.eu\/wp-content\/uploads\/2023\/03\/Immagine-2023-02-20-190730-480x270.png 480w, https:\/\/eurotherm.eu\/wp-content\/uploads\/2023\/03\/Immagine-2023-02-20-190730-705x398.png 705w, https:\/\/eurotherm.eu\/wp-content\/uploads\/2023\/03\/Immagine-2023-02-20-190730-1500x846.png 1500w, https:\/\/eurotherm.eu\/wp-content\/uploads\/2023\/03\/Immagine-2023-02-20-190730.png 1617w\" sizes=\"auto, (max-width: 1030px) 100vw, 1030px\" \/><\/a><\/p>\n","protected":false},"excerpt":{"rendered":"<p>Nach unserer Aufnahme als strategischer Partner in die sppot\u00a0nehmen wir am 28. und 29. M\u00e4rz an den Color Trend Days von Posterama teil, der ersten Veranstaltung der BIG3-Reihe, die sich Farbtrends, Effekten, Design sowie Technologie Innovationen im Bereich der industriellen Veredelung von Fahrr\u00e4dern und Sportartikeln widmet. Das Thema der Veranstaltung? Die industrielle Veredelung der Fahrradwelt [&hellip;]<\/p>\n","protected":false},"author":5,"featured_media":52215,"comment_status":"open","ping_status":"open","sticky":false,"template":"","format":"standard","meta":{"_acf_changed":false,"footnotes":""},"categories":[209],"tags":[],"class_list":["post-49776","post","type-post","status-publish","format-standard","has-post-thumbnail","hentry","category-veranstaltung"],"acf":[],"_links":{"self":[{"href":"https:\/\/eurotherm.eu\/de\/wp-json\/wp\/v2\/posts\/49776","targetHints":{"allow":["GET"]}}],"collection":[{"href":"https:\/\/eurotherm.eu\/de\/wp-json\/wp\/v2\/posts"}],"about":[{"href":"https:\/\/eurotherm.eu\/de\/wp-json\/wp\/v2\/types\/post"}],"author":[{"embeddable":true,"href":"https:\/\/eurotherm.eu\/de\/wp-json\/wp\/v2\/users\/5"}],"replies":[{"embeddable":true,"href":"https:\/\/eurotherm.eu\/de\/wp-json\/wp\/v2\/comments?post=49776"}],"version-history":[{"count":2,"href":"https:\/\/eurotherm.eu\/de\/wp-json\/wp\/v2\/posts\/49776\/revisions"}],"predecessor-version":[{"id":52306,"href":"https:\/\/eurotherm.eu\/de\/wp-json\/wp\/v2\/posts\/49776\/revisions\/52306"}],"wp:featuredmedia":[{"embeddable":true,"href":"https:\/\/eurotherm.eu\/de\/wp-json\/wp\/v2\/media\/52215"}],"wp:attachment":[{"href":"https:\/\/eurotherm.eu\/de\/wp-json\/wp\/v2\/media?parent=49776"}],"wp:term":[{"taxonomy":"category","embeddable":true,"href":"https:\/\/eurotherm.eu\/de\/wp-json\/wp\/v2\/categories?post=49776"},{"taxonomy":"post_tag","embeddable":true,"href":"https:\/\/eurotherm.eu\/de\/wp-json\/wp\/v2\/tags?post=49776"}],"curies":[{"name":"wp","href":"https:\/\/api.w.org\/{rel}","templated":true}]}}